{"id":756,"date":"2022-03-24T13:41:00","date_gmt":"2022-03-24T13:41:00","guid":{"rendered":"https:\/\/rscj-jpic.acck2.fr\/acte-de-consecration-au-coeur-immacule-de-marie-pour-la-russie-et-lukraine\/"},"modified":"2025-10-31T11:12:01","modified_gmt":"2025-10-31T11:12:01","slug":"acte-de-consecration-au-coeur-immacule-de-marie-pour-la-russie-et-lukraine","status":"publish","type":"post","link":"https:\/\/rscj-jpic.org\/fr\/acte-de-consecration-au-coeur-immacule-de-marie-pour-la-russie-et-lukraine\/","title":{"rendered":"Acte de Cons\u00e9cration au Coeur Immacul\u00e9 de Marie pour la Russie et l&rsquo;Ukraine"},"content":{"rendered":"<p><img decoding=\"async\" alt=\"\" data-align=\"right\" data-file-id=\"2376\" src=\"\/wp-content\/uploads\/2021\/09\/consecration.png\" width=\"500\" \/><\/p>\n<p>&nbsp;<\/p>\n<p>\u00ab Il s\u2019est \u00e9coul\u00e9 pr\u00e8s d\u2019un mois depuis le d\u00e9but de la guerre en Ukraine, qui cause chaque jour plus de souffrances \u00e0 cette population martyre, et qui menace \u00e9galement la paix mondiale&nbsp;\u00bb. &#8211;&nbsp;<span class=\"credit\">Pape Fran\u00e7ois<\/span><\/p>\n<p>Le bureau de presse du Saint-Si\u00e8ge a annonc\u00e9 : \u00ab Le vendredi 25 mars, lors de la C\u00e9l\u00e9bration de la P\u00e9nitence qu&rsquo;il pr\u00e9sidera \u00e0 17 heures dans la Basilique Saint-Pierre, le Pape Fran\u00e7ois consacrera la Russie et l&rsquo;Ukraine au C\u0153ur Immacul\u00e9 de Marie \u00bb. (<a href=\"https:\/\/www.catholicnewsagency.com\/news\/250674\/pope-francis-to-consecrate-ukraine-and-russia-to-immaculate-heart-of-mary\">Catholic News Agency<\/a>)<\/p>\n<p>Nous sommes tous invit\u00e9s \u00e0 rejoindre la Cons\u00e9cration.<\/p>\n<p class=\"text-align-center\"><a href=\"https:\/\/www.vatican.va\/content\/francesco\/fr\/prayers\/documents\/20220325-atto-consacrazione-cuoredimaria.html\"><span class=\"underline\"><strong>ACTE DE CONS\u00c9CRATION AU C\u0152UR IMMACUL\u00c9 DE MARIE<\/strong><\/span><\/a><\/p>\n<p class=\"text-align-center\">&nbsp;<\/p>\n<p>&nbsp;<\/p>\n","protected":false},"excerpt":{"rendered":"<p>&nbsp; \u00ab Il s\u2019est \u00e9coul\u00e9 pr\u00e8s d\u2019un mois depuis le  [&#8230;]<\/p>\n","protected":false},"author":1,"featured_media":754,"comment_status":"closed","ping_status":"open","sticky":false,"template":"","format":"standard","meta":{"_acf_changed":false,"_price":"","_stock":"","_tribe_ticket_header":"","_tribe_default_ticket_provider":"","_tribe_ticket_capacity":"","_ticket_start_date":"","_ticket_end_date":"","_tribe_ticket_show_description":"","_tribe_ticket_show_not_going":false,"_tribe_ticket_use_global_stock":"","_tribe_ticket_global_stock_level":"","_global_stock_mode":"","_global_stock_cap":"","_tribe_rsvp_for_event":"","_tribe_ticket_going_count":"","_tribe_ticket_not_going_count":"","_tribe_tickets_list":"[]","_tribe_ticket_has_attendee_info_fields":false,"footnotes":""},"categories":[22],"tags":[],"imperative":[],"class_list":["post-756","post","type-post","status-publish","format-standard","has-post-thumbnail","hentry","category-non-categorise"],"acf":[],"yoast_head":"<!-- This site is optimized with the Yoast SEO plugin v27.2 - https:\/\/yoast.com\/product\/yoast-seo-wordpress\/ -->\n<title>Acte de Cons\u00e9cration au Coeur Immacul\u00e9 de Marie pour la Russie et l&#039;Ukraine - JPIC Learning Hub<\/title>\n<meta name=\"robots\" content=\"index, follow, max-snippet:-1, max-image-preview:large, max-video-preview:-1\" \/>\n<link rel=\"canonical\" href=\"https:\/\/rscj-jpic.org\/fr\/acte-de-consecration-au-coeur-immacule-de-marie-pour-la-russie-et-lukraine\/\" \/>\n<meta property=\"og:locale\" content=\"fr_FR\" \/>\n<meta property=\"og:type\" content=\"article\" \/>\n<meta property=\"og:title\" content=\"Acte de Cons\u00e9cration au Coeur Immacul\u00e9 de Marie pour la Russie et l&#039;Ukraine - JPIC Learning Hub\" \/>\n<meta property=\"og:description\" content=\"&nbsp; \u00ab Il s\u2019est \u00e9coul\u00e9 pr\u00e8s d\u2019un mois depuis le [...]\" \/>\n<meta property=\"og:url\" content=\"https:\/\/rscj-jpic.org\/fr\/acte-de-consecration-au-coeur-immacule-de-marie-pour-la-russie-et-lukraine\/\" \/>\n<meta property=\"og:site_name\" content=\"JPIC Learning Hub\" \/>\n<meta property=\"article:publisher\" content=\"https:\/\/www.facebook.com\/rscjpicinternational\/\" \/>\n<meta property=\"article:published_time\" content=\"2022-03-24T13:41:00+00:00\" \/>\n<meta property=\"article:modified_time\" content=\"2025-10-31T11:12:01+00:00\" \/>\n<meta property=\"og:image\" content=\"https:\/\/rscj-jpic.org\/wp-content\/uploads\/2022\/03\/peace-ge588cbd0b_1920.jpg\" \/>\n\t<meta property=\"og:image:width\" content=\"1920\" \/>\n\t<meta property=\"og:image:height\" content=\"1280\" \/>\n\t<meta property=\"og:image:type\" content=\"image\/jpeg\" \/>\n<meta name=\"author\" content=\"adminjpiclh\" \/>\n<meta name=\"twitter:card\" content=\"summary_large_image\" \/>\n<meta name=\"twitter:label1\" content=\"\u00c9crit par\" \/>\n\t<meta name=\"twitter:data1\" content=\"adminjpiclh\" \/>\n\t<meta name=\"twitter:label2\" content=\"Dur\u00e9e de lecture estim\u00e9e\" \/>\n\t<meta name=\"twitter:data2\" content=\"1 minute\" \/>\n<script type=\"application\/ld+json\" class=\"yoast-schema-graph\">{\"@context\":\"https:\/\/schema.org\",\"@graph\":[{\"@type\":\"Article\",\"@id\":\"https:\/\/rscj-jpic.org\/fr\/acte-de-consecration-au-coeur-immacule-de-marie-pour-la-russie-et-lukraine\/#article\",\"isPartOf\":{\"@id\":\"https:\/\/rscj-jpic.org\/fr\/acte-de-consecration-au-coeur-immacule-de-marie-pour-la-russie-et-lukraine\/\"},\"author\":{\"name\":\"adminjpiclh\",\"@id\":\"https:\/\/rscj-jpic.org\/es\/#\/schema\/person\/9b0e8dff1b77a0c1169c8916fede4d37\"},\"headline\":\"Acte de Cons\u00e9cration au Coeur Immacul\u00e9 de Marie pour la Russie et l&rsquo;Ukraine\",\"datePublished\":\"2022-03-24T13:41:00+00:00\",\"dateModified\":\"2025-10-31T11:12:01+00:00\",\"mainEntityOfPage\":{\"@id\":\"https:\/\/rscj-jpic.org\/fr\/acte-de-consecration-au-coeur-immacule-de-marie-pour-la-russie-et-lukraine\/\"},\"wordCount\":128,\"publisher\":{\"@id\":\"https:\/\/rscj-jpic.org\/es\/#organization\"},\"image\":{\"@id\":\"https:\/\/rscj-jpic.org\/fr\/acte-de-consecration-au-coeur-immacule-de-marie-pour-la-russie-et-lukraine\/#primaryimage\"},\"thumbnailUrl\":\"https:\/\/rscj-jpic.org\/wp-content\/uploads\/2022\/03\/peace-ge588cbd0b_1920.jpg\",\"articleSection\":[\"Non cat\u00e9goris\u00e9\"],\"inLanguage\":\"fr-FR\"},{\"@type\":\"WebPage\",\"@id\":\"https:\/\/rscj-jpic.org\/fr\/acte-de-consecration-au-coeur-immacule-de-marie-pour-la-russie-et-lukraine\/\",\"url\":\"https:\/\/rscj-jpic.org\/fr\/acte-de-consecration-au-coeur-immacule-de-marie-pour-la-russie-et-lukraine\/\",\"name\":\"Acte de Cons\u00e9cration au Coeur Immacul\u00e9 de Marie pour la Russie et l'Ukraine - JPIC Learning Hub\",\"isPartOf\":{\"@id\":\"https:\/\/rscj-jpic.org\/es\/#website\"},\"primaryImageOfPage\":{\"@id\":\"https:\/\/rscj-jpic.org\/fr\/acte-de-consecration-au-coeur-immacule-de-marie-pour-la-russie-et-lukraine\/#primaryimage\"},\"image\":{\"@id\":\"https:\/\/rscj-jpic.org\/fr\/acte-de-consecration-au-coeur-immacule-de-marie-pour-la-russie-et-lukraine\/#primaryimage\"},\"thumbnailUrl\":\"https:\/\/rscj-jpic.org\/wp-content\/uploads\/2022\/03\/peace-ge588cbd0b_1920.jpg\",\"datePublished\":\"2022-03-24T13:41:00+00:00\",\"dateModified\":\"2025-10-31T11:12:01+00:00\",\"breadcrumb\":{\"@id\":\"https:\/\/rscj-jpic.org\/fr\/acte-de-consecration-au-coeur-immacule-de-marie-pour-la-russie-et-lukraine\/#breadcrumb\"},\"inLanguage\":\"fr-FR\",\"potentialAction\":[{\"@type\":\"ReadAction\",\"target\":[\"https:\/\/rscj-jpic.org\/fr\/acte-de-consecration-au-coeur-immacule-de-marie-pour-la-russie-et-lukraine\/\"]}]},{\"@type\":\"ImageObject\",\"inLanguage\":\"fr-FR\",\"@id\":\"https:\/\/rscj-jpic.org\/fr\/acte-de-consecration-au-coeur-immacule-de-marie-pour-la-russie-et-lukraine\/#primaryimage\",\"url\":\"https:\/\/rscj-jpic.org\/wp-content\/uploads\/2022\/03\/peace-ge588cbd0b_1920.jpg\",\"contentUrl\":\"https:\/\/rscj-jpic.org\/wp-content\/uploads\/2022\/03\/peace-ge588cbd0b_1920.jpg\",\"width\":1920,\"height\":1280},{\"@type\":\"BreadcrumbList\",\"@id\":\"https:\/\/rscj-jpic.org\/fr\/acte-de-consecration-au-coeur-immacule-de-marie-pour-la-russie-et-lukraine\/#breadcrumb\",\"itemListElement\":[{\"@type\":\"ListItem\",\"position\":1,\"name\":\"Home\",\"item\":\"https:\/\/rscj-jpic.org\/fr\/\"},{\"@type\":\"ListItem\",\"position\":2,\"name\":\"Acte de Cons\u00e9cration au Coeur Immacul\u00e9 de Marie pour la Russie et l&#8217;Ukraine\"}]},{\"@type\":\"WebSite\",\"@id\":\"https:\/\/rscj-jpic.org\/es\/#website\",\"url\":\"https:\/\/rscj-jpic.org\/es\/\",\"name\":\"JPIC Learning Hub\",\"description\":\"\",\"publisher\":{\"@id\":\"https:\/\/rscj-jpic.org\/es\/#organization\"},\"potentialAction\":[{\"@type\":\"SearchAction\",\"target\":{\"@type\":\"EntryPoint\",\"urlTemplate\":\"https:\/\/rscj-jpic.org\/es\/?s={search_term_string}\"},\"query-input\":{\"@type\":\"PropertyValueSpecification\",\"valueRequired\":true,\"valueName\":\"search_term_string\"}}],\"inLanguage\":\"fr-FR\"},{\"@type\":\"Organization\",\"@id\":\"https:\/\/rscj-jpic.org\/es\/#organization\",\"name\":\"JPIC\",\"url\":\"https:\/\/rscj-jpic.org\/es\/\",\"logo\":{\"@type\":\"ImageObject\",\"inLanguage\":\"fr-FR\",\"@id\":\"https:\/\/rscj-jpic.org\/es\/#\/schema\/logo\/image\/\",\"url\":\"https:\/\/rscj-jpic.org\/wp-content\/uploads\/2025\/10\/rscj-jpic-logo-recolorise.png\",\"contentUrl\":\"https:\/\/rscj-jpic.org\/wp-content\/uploads\/2025\/10\/rscj-jpic-logo-recolorise.png\",\"width\":125,\"height\":170,\"caption\":\"JPIC\"},\"image\":{\"@id\":\"https:\/\/rscj-jpic.org\/es\/#\/schema\/logo\/image\/\"},\"sameAs\":[\"https:\/\/www.facebook.com\/rscjpicinternational\/\"]},{\"@type\":\"Person\",\"@id\":\"https:\/\/rscj-jpic.org\/es\/#\/schema\/person\/9b0e8dff1b77a0c1169c8916fede4d37\",\"name\":\"adminjpiclh\",\"image\":{\"@type\":\"ImageObject\",\"inLanguage\":\"fr-FR\",\"@id\":\"https:\/\/secure.gravatar.com\/avatar\/f774dec0de79f1f23532bbf1b7d1a2bd753e4621dca994555c7a05abf8da829a?s=96&d=mm&r=g\",\"url\":\"https:\/\/secure.gravatar.com\/avatar\/f774dec0de79f1f23532bbf1b7d1a2bd753e4621dca994555c7a05abf8da829a?s=96&d=mm&r=g\",\"contentUrl\":\"https:\/\/secure.gravatar.com\/avatar\/f774dec0de79f1f23532bbf1b7d1a2bd753e4621dca994555c7a05abf8da829a?s=96&d=mm&r=g\",\"caption\":\"adminjpiclh\"},\"sameAs\":[\"https:\/\/rscj-jpic.org\"],\"url\":\"https:\/\/rscj-jpic.org\/fr\/author\/adminjpiclh\/\"}]}<\/script>\n<!-- \/ Yoast SEO plugin. -->","yoast_head_json":{"title":"Acte de Cons\u00e9cration au Coeur Immacul\u00e9 de Marie pour la Russie et l'Ukraine - JPIC Learning Hub","robots":{"index":"index","follow":"follow","max-snippet":"max-snippet:-1","max-image-preview":"max-image-preview:large","max-video-preview":"max-video-preview:-1"},"canonical":"https:\/\/rscj-jpic.org\/fr\/acte-de-consecration-au-coeur-immacule-de-marie-pour-la-russie-et-lukraine\/","og_locale":"fr_FR","og_type":"article","og_title":"Acte de Cons\u00e9cration au Coeur Immacul\u00e9 de Marie pour la Russie et l'Ukraine - JPIC Learning Hub","og_description":"&nbsp; \u00ab Il s\u2019est \u00e9coul\u00e9 pr\u00e8s d\u2019un mois depuis le [...]","og_url":"https:\/\/rscj-jpic.org\/fr\/acte-de-consecration-au-coeur-immacule-de-marie-pour-la-russie-et-lukraine\/","og_site_name":"JPIC Learning Hub","article_publisher":"https:\/\/www.facebook.com\/rscjpicinternational\/","article_published_time":"2022-03-24T13:41:00+00:00","article_modified_time":"2025-10-31T11:12:01+00:00","og_image":[{"width":1920,"height":1280,"url":"https:\/\/rscj-jpic.org\/wp-content\/uploads\/2022\/03\/peace-ge588cbd0b_1920.jpg","type":"image\/jpeg"}],"author":"adminjpiclh","twitter_card":"summary_large_image","twitter_misc":{"\u00c9crit par":"adminjpiclh","Dur\u00e9e de lecture estim\u00e9e":"1 minute"},"schema":{"@context":"https:\/\/schema.org","@graph":[{"@type":"Article","@id":"https:\/\/rscj-jpic.org\/fr\/acte-de-consecration-au-coeur-immacule-de-marie-pour-la-russie-et-lukraine\/#article","isPartOf":{"@id":"https:\/\/rscj-jpic.org\/fr\/acte-de-consecration-au-coeur-immacule-de-marie-pour-la-russie-et-lukraine\/"},"author":{"name":"adminjpiclh","@id":"https:\/\/rscj-jpic.org\/es\/#\/schema\/person\/9b0e8dff1b77a0c1169c8916fede4d37"},"headline":"Acte de Cons\u00e9cration au Coeur Immacul\u00e9 de Marie pour la Russie et l&rsquo;Ukraine","datePublished":"2022-03-24T13:41:00+00:00","dateModified":"2025-10-31T11:12:01+00:00","mainEntityOfPage":{"@id":"https:\/\/rscj-jpic.org\/fr\/acte-de-consecration-au-coeur-immacule-de-marie-pour-la-russie-et-lukraine\/"},"wordCount":128,"publisher":{"@id":"https:\/\/rscj-jpic.org\/es\/#organization"},"image":{"@id":"https:\/\/rscj-jpic.org\/fr\/acte-de-consecration-au-coeur-immacule-de-marie-pour-la-russie-et-lukraine\/#primaryimage"},"thumbnailUrl":"https:\/\/rscj-jpic.org\/wp-content\/uploads\/2022\/03\/peace-ge588cbd0b_1920.jpg","articleSection":["Non cat\u00e9goris\u00e9"],"inLanguage":"fr-FR"},{"@type":"WebPage","@id":"https:\/\/rscj-jpic.org\/fr\/acte-de-consecration-au-coeur-immacule-de-marie-pour-la-russie-et-lukraine\/","url":"https:\/\/rscj-jpic.org\/fr\/acte-de-consecration-au-coeur-immacule-de-marie-pour-la-russie-et-lukraine\/","name":"Acte de Cons\u00e9cration au Coeur Immacul\u00e9 de Marie pour la Russie et l'Ukraine - JPIC Learning Hub","isPartOf":{"@id":"https:\/\/rscj-jpic.org\/es\/#website"},"primaryImageOfPage":{"@id":"https:\/\/rscj-jpic.org\/fr\/acte-de-consecration-au-coeur-immacule-de-marie-pour-la-russie-et-lukraine\/#primaryimage"},"image":{"@id":"https:\/\/rscj-jpic.org\/fr\/acte-de-consecration-au-coeur-immacule-de-marie-pour-la-russie-et-lukraine\/#primaryimage"},"thumbnailUrl":"https:\/\/rscj-jpic.org\/wp-content\/uploads\/2022\/03\/peace-ge588cbd0b_1920.jpg","datePublished":"2022-03-24T13:41:00+00:00","dateModified":"2025-10-31T11:12:01+00:00","breadcrumb":{"@id":"https:\/\/rscj-jpic.org\/fr\/acte-de-consecration-au-coeur-immacule-de-marie-pour-la-russie-et-lukraine\/#breadcrumb"},"inLanguage":"fr-FR","potentialAction":[{"@type":"ReadAction","target":["https:\/\/rscj-jpic.org\/fr\/acte-de-consecration-au-coeur-immacule-de-marie-pour-la-russie-et-lukraine\/"]}]},{"@type":"ImageObject","inLanguage":"fr-FR","@id":"https:\/\/rscj-jpic.org\/fr\/acte-de-consecration-au-coeur-immacule-de-marie-pour-la-russie-et-lukraine\/#primaryimage","url":"https:\/\/rscj-jpic.org\/wp-content\/uploads\/2022\/03\/peace-ge588cbd0b_1920.jpg","contentUrl":"https:\/\/rscj-jpic.org\/wp-content\/uploads\/2022\/03\/peace-ge588cbd0b_1920.jpg","width":1920,"height":1280},{"@type":"BreadcrumbList","@id":"https:\/\/rscj-jpic.org\/fr\/acte-de-consecration-au-coeur-immacule-de-marie-pour-la-russie-et-lukraine\/#breadcrumb","itemListElement":[{"@type":"ListItem","position":1,"name":"Home","item":"https:\/\/rscj-jpic.org\/fr\/"},{"@type":"ListItem","position":2,"name":"Acte de Cons\u00e9cration au Coeur Immacul\u00e9 de Marie pour la Russie et l&#8217;Ukraine"}]},{"@type":"WebSite","@id":"https:\/\/rscj-jpic.org\/es\/#website","url":"https:\/\/rscj-jpic.org\/es\/","name":"JPIC Learning Hub","description":"","publisher":{"@id":"https:\/\/rscj-jpic.org\/es\/#organization"},"potentialAction":[{"@type":"SearchAction","target":{"@type":"EntryPoint","urlTemplate":"https:\/\/rscj-jpic.org\/es\/?s={search_term_string}"},"query-input":{"@type":"PropertyValueSpecification","valueRequired":true,"valueName":"search_term_string"}}],"inLanguage":"fr-FR"},{"@type":"Organization","@id":"https:\/\/rscj-jpic.org\/es\/#organization","name":"JPIC","url":"https:\/\/rscj-jpic.org\/es\/","logo":{"@type":"ImageObject","inLanguage":"fr-FR","@id":"https:\/\/rscj-jpic.org\/es\/#\/schema\/logo\/image\/","url":"https:\/\/rscj-jpic.org\/wp-content\/uploads\/2025\/10\/rscj-jpic-logo-recolorise.png","contentUrl":"https:\/\/rscj-jpic.org\/wp-content\/uploads\/2025\/10\/rscj-jpic-logo-recolorise.png","width":125,"height":170,"caption":"JPIC"},"image":{"@id":"https:\/\/rscj-jpic.org\/es\/#\/schema\/logo\/image\/"},"sameAs":["https:\/\/www.facebook.com\/rscjpicinternational\/"]},{"@type":"Person","@id":"https:\/\/rscj-jpic.org\/es\/#\/schema\/person\/9b0e8dff1b77a0c1169c8916fede4d37","name":"adminjpiclh","image":{"@type":"ImageObject","inLanguage":"fr-FR","@id":"https:\/\/secure.gravatar.com\/avatar\/f774dec0de79f1f23532bbf1b7d1a2bd753e4621dca994555c7a05abf8da829a?s=96&d=mm&r=g","url":"https:\/\/secure.gravatar.com\/avatar\/f774dec0de79f1f23532bbf1b7d1a2bd753e4621dca994555c7a05abf8da829a?s=96&d=mm&r=g","contentUrl":"https:\/\/secure.gravatar.com\/avatar\/f774dec0de79f1f23532bbf1b7d1a2bd753e4621dca994555c7a05abf8da829a?s=96&d=mm&r=g","caption":"adminjpiclh"},"sameAs":["https:\/\/rscj-jpic.org"],"url":"https:\/\/rscj-jpic.org\/fr\/author\/adminjpiclh\/"}]}},"_links":{"self":[{"href":"https:\/\/rscj-jpic.org\/fr\/wp-json\/wp\/v2\/posts\/756","targetHints":{"allow":["GET"]}}],"collection":[{"href":"https:\/\/rscj-jpic.org\/fr\/wp-json\/wp\/v2\/posts"}],"about":[{"href":"https:\/\/rscj-jpic.org\/fr\/wp-json\/wp\/v2\/types\/post"}],"author":[{"embeddable":true,"href":"https:\/\/rscj-jpic.org\/fr\/wp-json\/wp\/v2\/users\/1"}],"replies":[{"embeddable":true,"href":"https:\/\/rscj-jpic.org\/fr\/wp-json\/wp\/v2\/comments?post=756"}],"version-history":[{"count":1,"href":"https:\/\/rscj-jpic.org\/fr\/wp-json\/wp\/v2\/posts\/756\/revisions"}],"predecessor-version":[{"id":939,"href":"https:\/\/rscj-jpic.org\/fr\/wp-json\/wp\/v2\/posts\/756\/revisions\/939"}],"wp:featuredmedia":[{"embeddable":true,"href":"https:\/\/rscj-jpic.org\/fr\/wp-json\/wp\/v2\/media\/754"}],"wp:attachment":[{"href":"https:\/\/rscj-jpic.org\/fr\/wp-json\/wp\/v2\/media?parent=756"}],"wp:term":[{"taxonomy":"category","embeddable":true,"href":"https:\/\/rscj-jpic.org\/fr\/wp-json\/wp\/v2\/categories?post=756"},{"taxonomy":"post_tag","embeddable":true,"href":"https:\/\/rscj-jpic.org\/fr\/wp-json\/wp\/v2\/tags?post=756"},{"taxonomy":"imperative","embeddable":true,"href":"https:\/\/rscj-jpic.org\/fr\/wp-json\/wp\/v2\/imperative?post=756"}],"curies":[{"name":"wp","href":"https:\/\/api.w.org\/{rel}","templated":true}]}}