{"id":6911,"date":"2024-10-07T15:20:49","date_gmt":"2024-10-07T15:20:49","guid":{"rendered":"https:\/\/rscj-jpic.acck2.fr\/?p=6911"},"modified":"2026-01-07T15:34:17","modified_gmt":"2026-01-07T15:34:17","slug":"journee-internationale-pour-lelimination-de-la-pauvrete-17-octobre-2024","status":"publish","type":"post","link":"https:\/\/rscj-jpic.org\/fr\/journee-internationale-pour-lelimination-de-la-pauvrete-17-octobre-2024\/","title":{"rendered":"Journ\u00e9e internationale pour l&rsquo;\u00e9limination de la pauvret\u00e9, 17 Octobre 2024"},"content":{"rendered":"<div class=\"fusion-fullwidth fullwidth-box fusion-builder-row-1 fusion-flex-container has-pattern-background has-mask-background nonhundred-percent-fullwidth non-hundred-percent-height-scrolling\" style=\"--awb-border-radius-top-left:0px;--awb-border-radius-top-right:0px;--awb-border-radius-bottom-right:0px;--awb-border-radius-bottom-left:0px;--awb-flex-wrap:wrap;\" ><div class=\"fusion-builder-row fusion-row fusion-flex-align-items-flex-start fusion-flex-content-wrap\" style=\"max-width:1248px;margin-left: calc(-4% \/ 2 );margin-right: calc(-4% \/ 2 );\"><div class=\"fusion-layout-column fusion_builder_column fusion-builder-column-0 fusion_builder_column_1_3 1_3 fusion-flex-column\" style=\"--awb-bg-size:cover;--awb-width-large:33.333333333333%;--awb-margin-top-large:0px;--awb-spacing-right-large:5.76%;--awb-margin-bottom-large:20px;--awb-spacing-left-large:5.76%;--awb-width-medium:33.333333333333%;--awb-order-medium:0;--awb-spacing-right-medium:5.76%;--awb-spacing-left-medium:5.76%;--awb-width-small:100%;--awb-order-small:0;--awb-spacing-right-small:1.92%;--awb-spacing-left-small:1.92%;\"><div class=\"fusion-column-wrapper fusion-column-has-shadow fusion-flex-justify-content-flex-start fusion-content-layout-column\"><div class=\"fusion-image-element \" style=\"--awb-caption-title-font-family:var(--h2_typography-font-family);--awb-caption-title-font-weight:var(--h2_typography-font-weight);--awb-caption-title-font-style:var(--h2_typography-font-style);--awb-caption-title-size:var(--h2_typography-font-size);--awb-caption-title-transform:var(--h2_typography-text-transform);--awb-caption-title-line-height:var(--h2_typography-line-height);--awb-caption-title-letter-spacing:var(--h2_typography-letter-spacing);\"><span class=\" fusion-imageframe imageframe-none imageframe-1 hover-type-none\"><img decoding=\"async\" width=\"724\" height=\"1024\" title=\"atd_poster_fr-724&#215;1024\" src=\"https:\/\/rscj-jpic.org\/wp-content\/uploads\/2026\/01\/atd_poster_fr-724x1024-1.png\" alt class=\"img-responsive wp-image-6913\" srcset=\"https:\/\/rscj-jpic.org\/wp-content\/uploads\/2026\/01\/atd_poster_fr-724x1024-1-200x283.png 200w, https:\/\/rscj-jpic.org\/wp-content\/uploads\/2026\/01\/atd_poster_fr-724x1024-1-400x566.png 400w, https:\/\/rscj-jpic.org\/wp-content\/uploads\/2026\/01\/atd_poster_fr-724x1024-1-600x849.png 600w, https:\/\/rscj-jpic.org\/wp-content\/uploads\/2026\/01\/atd_poster_fr-724x1024-1.png 724w\" sizes=\"(max-width: 640px) 100vw, 400px\" \/><\/span><\/div><\/div><\/div><div class=\"fusion-layout-column fusion_builder_column fusion-builder-column-1 fusion_builder_column_2_3 2_3 fusion-flex-column\" style=\"--awb-bg-size:cover;--awb-width-large:66.666666666667%;--awb-margin-top-large:0px;--awb-spacing-right-large:2.88%;--awb-margin-bottom-large:20px;--awb-spacing-left-large:2.88%;--awb-width-medium:66.666666666667%;--awb-order-medium:0;--awb-spacing-right-medium:2.88%;--awb-spacing-left-medium:2.88%;--awb-width-small:100%;--awb-order-small:0;--awb-spacing-right-small:1.92%;--awb-spacing-left-small:1.92%;\"><div class=\"fusion-column-wrapper fusion-column-has-shadow fusion-flex-justify-content-flex-start fusion-content-layout-column\"><div class=\"fusion-text fusion-text-1\" style=\"--awb-content-alignment:justify;\"><p>La pauvret\u00e9 a de multiples dimensions, certaines visibles et d&rsquo;autres cach\u00e9es, mais toutes li\u00e9es entre elles. Le th\u00e8me 2024-2025 de la Journ\u00e9e internationale pour l&rsquo;\u00e9limination de la pauvret\u00e9 (IDEP) mettra en lumi\u00e8re l&rsquo;une des dimensions cach\u00e9es de la pauvret\u00e9, \u00e0 savoir la maltraitance sociale et institutionnelle subie par les personnes en situation de \u00a0pauvret\u00e9, et envisagera les moyens d&rsquo;agir ensemblepour promouvoir des soci\u00e9t\u00e9s justes, pacifiques et inclusives, conform\u00e9ment \u00e0 l&rsquo;objectif de d\u00e9veloppement durable (ODD) 16.<\/p>\n<p>Comm\u00e9mor\u00e9e depuis 1987 en tant que Journ\u00e9e mondiale du refus de la mis\u00e8re et reconnue par les Nations unies depuis 1992, la Journ\u00e9e internationale pour l&rsquo;\u00e9limination de la pauvret\u00e9 promeut le dialogue et la compr\u00e9hension entre les personnes en situation de pauvret\u00e9, leurs communaut\u00e9s et la soci\u00e9t\u00e9 dans son ensemble. \u00ab C&rsquo;est l&rsquo;occasion de reconna\u00eetre les efforts et les luttes des personnes vivant dans la pauvret\u00e9 et une opportunit\u00e9, pour elles, de faire entendre leurs pr\u00e9occupations et de reconna\u00eetre que les pauvres sont \u00e0 l&rsquo;avant-garde dans la lutte contre la pauvret\u00e9. \u00bb (Nations Unies, Rapport du Secr\u00e9taire g\u00e9n\u00e9ral, A\/61\/308, para. 58) Pour en savoir plus sur les initiatives, les \u00e9v\u00e9nements et les activit\u00e9s qui marqueront le 17 octobre dans le monde entier,\u00a0<a href=\"https:\/\/www.un.org\/fr\/desa\"><span class=\"underline\">consultez le site internet du D\u00e9partement des Affaires \u00c9conomiques et Sociales de l&rsquo;ONU.<\/span><\/a><\/p>\n<\/div><\/div><\/div><div class=\"fusion-layout-column fusion_builder_column fusion-builder-column-2 fusion_builder_column_1_1 1_1 fusion-flex-column\" style=\"--awb-bg-size:cover;--awb-width-large:100%;--awb-margin-top-large:0px;--awb-spacing-right-large:1.92%;--awb-margin-bottom-large:20px;--awb-spacing-left-large:1.92%;--awb-width-medium:100%;--awb-order-medium:0;--awb-spacing-right-medium:1.92%;--awb-spacing-left-medium:1.92%;--awb-width-small:100%;--awb-order-small:0;--awb-spacing-right-small:1.92%;--awb-spacing-left-small:1.92%;\"><div class=\"fusion-column-wrapper fusion-column-has-shadow fusion-flex-justify-content-flex-start fusion-content-layout-column\"><div class=\"fusion-text fusion-text-2\"><p class=\"text-align-center\"><em>\u00ab La maltraitance sociale et institutionnelle d\u00e9truit notre dignit\u00e9. Elle nous fait souvent nous sentir faibles parce que nous mettons toute notre \u00e9nergie \u00e0 faire quelque chose et qu&rsquo;en fin de compte, nous n&rsquo;en voyons pas les r\u00e9sultats. C&rsquo;est un facteur de division. \u00bb Une personne en situation de pauvret\u00e9<\/em><\/p>\n<p class=\"text-align-center\"><span class=\"underline\"><strong><a href=\"https:\/\/rscj-jpic.org\/files\/paragraphs\/attachments\/en-2024-idep-conceptnote.pdf\" data-file-id=\"4766\">Cliquez ici pour t\u00e9l\u00e9charger la note conceptuelle<\/a>.<\/strong><\/span><\/p>\n<\/div><\/div><\/div><\/div><\/div>\n","protected":false},"excerpt":{"rendered":"","protected":false},"author":1,"featured_media":6913,"comment_status":"closed","ping_status":"open","sticky":false,"template":"","format":"standard","meta":{"_acf_changed":false,"_price":"","_stock":"","_tribe_ticket_header":"","_tribe_default_ticket_provider":"","_tribe_ticket_capacity":"","_ticket_start_date":"","_ticket_end_date":"","_tribe_ticket_show_description":"","_tribe_ticket_show_not_going":false,"_tribe_ticket_use_global_stock":"","_tribe_ticket_global_stock_level":"","_global_stock_mode":"","_global_stock_cap":"","_tribe_rsvp_for_event":"","_tribe_ticket_going_count":"","_tribe_ticket_not_going_count":"","_tribe_tickets_list":"[]","_tribe_ticket_has_attendee_info_fields":false,"footnotes":""},"categories":[108,117],"tags":[],"imperative":[],"class_list":["post-6911","post","type-post","status-publish","format-standard","has-post-thumbnail","hentry","category-agir","category-journees-internationales"],"acf":[],"yoast_head":"<!-- This site is optimized with the Yoast SEO plugin v27.5 - https:\/\/yoast.com\/product\/yoast-seo-wordpress\/ -->\n<title>Journ\u00e9e internationale pour l&#039;\u00e9limination de la pauvret\u00e9, 17 Octobre 2024 - JPIC Learning Hub<\/title>\n<meta name=\"robots\" content=\"index, follow, max-snippet:-1, max-image-preview:large, max-video-preview:-1\" \/>\n<link rel=\"canonical\" href=\"https:\/\/rscj-jpic.org\/fr\/journee-internationale-pour-lelimination-de-la-pauvrete-17-octobre-2024\/\" \/>\n<meta property=\"og:locale\" content=\"fr_FR\" \/>\n<meta property=\"og:type\" content=\"article\" \/>\n<meta property=\"og:title\" content=\"Journ\u00e9e internationale pour l&#039;\u00e9limination de la pauvret\u00e9, 17 Octobre 2024 - JPIC Learning Hub\" \/>\n<meta property=\"og:url\" content=\"https:\/\/rscj-jpic.org\/fr\/journee-internationale-pour-lelimination-de-la-pauvrete-17-octobre-2024\/\" \/>\n<meta property=\"og:site_name\" content=\"JPIC Learning Hub\" \/>\n<meta property=\"article:publisher\" content=\"https:\/\/www.facebook.com\/rscjpicinternational\/\" \/>\n<meta property=\"article:published_time\" content=\"2024-10-07T15:20:49+00:00\" \/>\n<meta property=\"article:modified_time\" content=\"2026-01-07T15:34:17+00:00\" \/>\n<meta property=\"og:image\" content=\"https:\/\/rscj-jpic.org\/wp-content\/uploads\/2026\/01\/atd_poster_fr-724x1024-1.png\" \/>\n\t<meta property=\"og:image:width\" content=\"724\" \/>\n\t<meta property=\"og:image:height\" content=\"1024\" \/>\n\t<meta property=\"og:image:type\" content=\"image\/png\" \/>\n<meta name=\"author\" content=\"adminjpiclh\" \/>\n<meta name=\"twitter:card\" content=\"summary_large_image\" \/>\n<meta name=\"twitter:label1\" content=\"\u00c9crit par\" \/>\n\t<meta name=\"twitter:data1\" content=\"adminjpiclh\" \/>\n\t<meta name=\"twitter:label2\" content=\"Dur\u00e9e de lecture estim\u00e9e\" \/>\n\t<meta name=\"twitter:data2\" content=\"14 minutes\" \/>\n<script type=\"application\/ld+json\" class=\"yoast-schema-graph\">{\"@context\":\"https:\\\/\\\/schema.org\",\"@graph\":[{\"@type\":\"Article\",\"@id\":\"https:\\\/\\\/rscj-jpic.org\\\/fr\\\/journee-internationale-pour-lelimination-de-la-pauvrete-17-octobre-2024\\\/#article\",\"isPartOf\":{\"@id\":\"https:\\\/\\\/rscj-jpic.org\\\/fr\\\/journee-internationale-pour-lelimination-de-la-pauvrete-17-octobre-2024\\\/\"},\"author\":{\"name\":\"adminjpiclh\",\"@id\":\"https:\\\/\\\/rscj-jpic.org\\\/es\\\/#\\\/schema\\\/person\\\/9b0e8dff1b77a0c1169c8916fede4d37\"},\"headline\":\"Journ\u00e9e internationale pour l&rsquo;\u00e9limination de la pauvret\u00e9, 17 Octobre 2024\",\"datePublished\":\"2024-10-07T15:20:49+00:00\",\"dateModified\":\"2026-01-07T15:34:17+00:00\",\"mainEntityOfPage\":{\"@id\":\"https:\\\/\\\/rscj-jpic.org\\\/fr\\\/journee-internationale-pour-lelimination-de-la-pauvrete-17-octobre-2024\\\/\"},\"wordCount\":2804,\"publisher\":{\"@id\":\"https:\\\/\\\/rscj-jpic.org\\\/es\\\/#organization\"},\"image\":{\"@id\":\"https:\\\/\\\/rscj-jpic.org\\\/fr\\\/journee-internationale-pour-lelimination-de-la-pauvrete-17-octobre-2024\\\/#primaryimage\"},\"thumbnailUrl\":\"https:\\\/\\\/rscj-jpic.org\\\/wp-content\\\/uploads\\\/2026\\\/01\\\/atd_poster_fr-724x1024-1.png\",\"articleSection\":[\"Agir\",\"journ\u00e9es internationales\"],\"inLanguage\":\"fr-FR\"},{\"@type\":\"WebPage\",\"@id\":\"https:\\\/\\\/rscj-jpic.org\\\/fr\\\/journee-internationale-pour-lelimination-de-la-pauvrete-17-octobre-2024\\\/\",\"url\":\"https:\\\/\\\/rscj-jpic.org\\\/fr\\\/journee-internationale-pour-lelimination-de-la-pauvrete-17-octobre-2024\\\/\",\"name\":\"Journ\u00e9e internationale pour l'\u00e9limination de la pauvret\u00e9, 17 Octobre 2024 - JPIC Learning Hub\",\"isPartOf\":{\"@id\":\"https:\\\/\\\/rscj-jpic.org\\\/es\\\/#website\"},\"primaryImageOfPage\":{\"@id\":\"https:\\\/\\\/rscj-jpic.org\\\/fr\\\/journee-internationale-pour-lelimination-de-la-pauvrete-17-octobre-2024\\\/#primaryimage\"},\"image\":{\"@id\":\"https:\\\/\\\/rscj-jpic.org\\\/fr\\\/journee-internationale-pour-lelimination-de-la-pauvrete-17-octobre-2024\\\/#primaryimage\"},\"thumbnailUrl\":\"https:\\\/\\\/rscj-jpic.org\\\/wp-content\\\/uploads\\\/2026\\\/01\\\/atd_poster_fr-724x1024-1.png\",\"datePublished\":\"2024-10-07T15:20:49+00:00\",\"dateModified\":\"2026-01-07T15:34:17+00:00\",\"breadcrumb\":{\"@id\":\"https:\\\/\\\/rscj-jpic.org\\\/fr\\\/journee-internationale-pour-lelimination-de-la-pauvrete-17-octobre-2024\\\/#breadcrumb\"},\"inLanguage\":\"fr-FR\",\"potentialAction\":[{\"@type\":\"ReadAction\",\"target\":[\"https:\\\/\\\/rscj-jpic.org\\\/fr\\\/journee-internationale-pour-lelimination-de-la-pauvrete-17-octobre-2024\\\/\"]}]},{\"@type\":\"ImageObject\",\"inLanguage\":\"fr-FR\",\"@id\":\"https:\\\/\\\/rscj-jpic.org\\\/fr\\\/journee-internationale-pour-lelimination-de-la-pauvrete-17-octobre-2024\\\/#primaryimage\",\"url\":\"https:\\\/\\\/rscj-jpic.org\\\/wp-content\\\/uploads\\\/2026\\\/01\\\/atd_poster_fr-724x1024-1.png\",\"contentUrl\":\"https:\\\/\\\/rscj-jpic.org\\\/wp-content\\\/uploads\\\/2026\\\/01\\\/atd_poster_fr-724x1024-1.png\",\"width\":724,\"height\":1024},{\"@type\":\"BreadcrumbList\",\"@id\":\"https:\\\/\\\/rscj-jpic.org\\\/fr\\\/journee-internationale-pour-lelimination-de-la-pauvrete-17-octobre-2024\\\/#breadcrumb\",\"itemListElement\":[{\"@type\":\"ListItem\",\"position\":1,\"name\":\"Home\",\"item\":\"https:\\\/\\\/rscj-jpic.org\\\/fr\\\/\"},{\"@type\":\"ListItem\",\"position\":2,\"name\":\"Journ\u00e9e internationale pour l&#8217;\u00e9limination de la pauvret\u00e9, 17 Octobre 2024\"}]},{\"@type\":\"WebSite\",\"@id\":\"https:\\\/\\\/rscj-jpic.org\\\/es\\\/#website\",\"url\":\"https:\\\/\\\/rscj-jpic.org\\\/es\\\/\",\"name\":\"JPIC Learning Hub\",\"description\":\"\",\"publisher\":{\"@id\":\"https:\\\/\\\/rscj-jpic.org\\\/es\\\/#organization\"},\"potentialAction\":[{\"@type\":\"SearchAction\",\"target\":{\"@type\":\"EntryPoint\",\"urlTemplate\":\"https:\\\/\\\/rscj-jpic.org\\\/es\\\/?s={search_term_string}\"},\"query-input\":{\"@type\":\"PropertyValueSpecification\",\"valueRequired\":true,\"valueName\":\"search_term_string\"}}],\"inLanguage\":\"fr-FR\"},{\"@type\":\"Organization\",\"@id\":\"https:\\\/\\\/rscj-jpic.org\\\/es\\\/#organization\",\"name\":\"JPIC\",\"url\":\"https:\\\/\\\/rscj-jpic.org\\\/es\\\/\",\"logo\":{\"@type\":\"ImageObject\",\"inLanguage\":\"fr-FR\",\"@id\":\"https:\\\/\\\/rscj-jpic.org\\\/es\\\/#\\\/schema\\\/logo\\\/image\\\/\",\"url\":\"https:\\\/\\\/rscj-jpic.org\\\/wp-content\\\/uploads\\\/2025\\\/10\\\/rscj-jpic-logo-recolorise.png\",\"contentUrl\":\"https:\\\/\\\/rscj-jpic.org\\\/wp-content\\\/uploads\\\/2025\\\/10\\\/rscj-jpic-logo-recolorise.png\",\"width\":125,\"height\":170,\"caption\":\"JPIC\"},\"image\":{\"@id\":\"https:\\\/\\\/rscj-jpic.org\\\/es\\\/#\\\/schema\\\/logo\\\/image\\\/\"},\"sameAs\":[\"https:\\\/\\\/www.facebook.com\\\/rscjpicinternational\\\/\"]},{\"@type\":\"Person\",\"@id\":\"https:\\\/\\\/rscj-jpic.org\\\/es\\\/#\\\/schema\\\/person\\\/9b0e8dff1b77a0c1169c8916fede4d37\",\"name\":\"adminjpiclh\",\"image\":{\"@type\":\"ImageObject\",\"inLanguage\":\"fr-FR\",\"@id\":\"https:\\\/\\\/secure.gravatar.com\\\/avatar\\\/f774dec0de79f1f23532bbf1b7d1a2bd753e4621dca994555c7a05abf8da829a?s=96&d=mm&r=g\",\"url\":\"https:\\\/\\\/secure.gravatar.com\\\/avatar\\\/f774dec0de79f1f23532bbf1b7d1a2bd753e4621dca994555c7a05abf8da829a?s=96&d=mm&r=g\",\"contentUrl\":\"https:\\\/\\\/secure.gravatar.com\\\/avatar\\\/f774dec0de79f1f23532bbf1b7d1a2bd753e4621dca994555c7a05abf8da829a?s=96&d=mm&r=g\",\"caption\":\"adminjpiclh\"},\"sameAs\":[\"https:\\\/\\\/rscj-jpic.org\"],\"url\":\"https:\\\/\\\/rscj-jpic.org\\\/fr\\\/author\\\/adminjpiclh\\\/\"}]}<\/script>\n<!-- \/ Yoast SEO plugin. -->","yoast_head_json":{"title":"Journ\u00e9e internationale pour l'\u00e9limination de la pauvret\u00e9, 17 Octobre 2024 - JPIC Learning Hub","robots":{"index":"index","follow":"follow","max-snippet":"max-snippet:-1","max-image-preview":"max-image-preview:large","max-video-preview":"max-video-preview:-1"},"canonical":"https:\/\/rscj-jpic.org\/fr\/journee-internationale-pour-lelimination-de-la-pauvrete-17-octobre-2024\/","og_locale":"fr_FR","og_type":"article","og_title":"Journ\u00e9e internationale pour l'\u00e9limination de la pauvret\u00e9, 17 Octobre 2024 - JPIC Learning Hub","og_url":"https:\/\/rscj-jpic.org\/fr\/journee-internationale-pour-lelimination-de-la-pauvrete-17-octobre-2024\/","og_site_name":"JPIC Learning Hub","article_publisher":"https:\/\/www.facebook.com\/rscjpicinternational\/","article_published_time":"2024-10-07T15:20:49+00:00","article_modified_time":"2026-01-07T15:34:17+00:00","og_image":[{"width":724,"height":1024,"url":"https:\/\/rscj-jpic.org\/wp-content\/uploads\/2026\/01\/atd_poster_fr-724x1024-1.png","type":"image\/png"}],"author":"adminjpiclh","twitter_card":"summary_large_image","twitter_misc":{"\u00c9crit par":"adminjpiclh","Dur\u00e9e de lecture estim\u00e9e":"14 minutes"},"schema":{"@context":"https:\/\/schema.org","@graph":[{"@type":"Article","@id":"https:\/\/rscj-jpic.org\/fr\/journee-internationale-pour-lelimination-de-la-pauvrete-17-octobre-2024\/#article","isPartOf":{"@id":"https:\/\/rscj-jpic.org\/fr\/journee-internationale-pour-lelimination-de-la-pauvrete-17-octobre-2024\/"},"author":{"name":"adminjpiclh","@id":"https:\/\/rscj-jpic.org\/es\/#\/schema\/person\/9b0e8dff1b77a0c1169c8916fede4d37"},"headline":"Journ\u00e9e internationale pour l&rsquo;\u00e9limination de la pauvret\u00e9, 17 Octobre 2024","datePublished":"2024-10-07T15:20:49+00:00","dateModified":"2026-01-07T15:34:17+00:00","mainEntityOfPage":{"@id":"https:\/\/rscj-jpic.org\/fr\/journee-internationale-pour-lelimination-de-la-pauvrete-17-octobre-2024\/"},"wordCount":2804,"publisher":{"@id":"https:\/\/rscj-jpic.org\/es\/#organization"},"image":{"@id":"https:\/\/rscj-jpic.org\/fr\/journee-internationale-pour-lelimination-de-la-pauvrete-17-octobre-2024\/#primaryimage"},"thumbnailUrl":"https:\/\/rscj-jpic.org\/wp-content\/uploads\/2026\/01\/atd_poster_fr-724x1024-1.png","articleSection":["Agir","journ\u00e9es internationales"],"inLanguage":"fr-FR"},{"@type":"WebPage","@id":"https:\/\/rscj-jpic.org\/fr\/journee-internationale-pour-lelimination-de-la-pauvrete-17-octobre-2024\/","url":"https:\/\/rscj-jpic.org\/fr\/journee-internationale-pour-lelimination-de-la-pauvrete-17-octobre-2024\/","name":"Journ\u00e9e internationale pour l'\u00e9limination de la pauvret\u00e9, 17 Octobre 2024 - JPIC Learning Hub","isPartOf":{"@id":"https:\/\/rscj-jpic.org\/es\/#website"},"primaryImageOfPage":{"@id":"https:\/\/rscj-jpic.org\/fr\/journee-internationale-pour-lelimination-de-la-pauvrete-17-octobre-2024\/#primaryimage"},"image":{"@id":"https:\/\/rscj-jpic.org\/fr\/journee-internationale-pour-lelimination-de-la-pauvrete-17-octobre-2024\/#primaryimage"},"thumbnailUrl":"https:\/\/rscj-jpic.org\/wp-content\/uploads\/2026\/01\/atd_poster_fr-724x1024-1.png","datePublished":"2024-10-07T15:20:49+00:00","dateModified":"2026-01-07T15:34:17+00:00","breadcrumb":{"@id":"https:\/\/rscj-jpic.org\/fr\/journee-internationale-pour-lelimination-de-la-pauvrete-17-octobre-2024\/#breadcrumb"},"inLanguage":"fr-FR","potentialAction":[{"@type":"ReadAction","target":["https:\/\/rscj-jpic.org\/fr\/journee-internationale-pour-lelimination-de-la-pauvrete-17-octobre-2024\/"]}]},{"@type":"ImageObject","inLanguage":"fr-FR","@id":"https:\/\/rscj-jpic.org\/fr\/journee-internationale-pour-lelimination-de-la-pauvrete-17-octobre-2024\/#primaryimage","url":"https:\/\/rscj-jpic.org\/wp-content\/uploads\/2026\/01\/atd_poster_fr-724x1024-1.png","contentUrl":"https:\/\/rscj-jpic.org\/wp-content\/uploads\/2026\/01\/atd_poster_fr-724x1024-1.png","width":724,"height":1024},{"@type":"BreadcrumbList","@id":"https:\/\/rscj-jpic.org\/fr\/journee-internationale-pour-lelimination-de-la-pauvrete-17-octobre-2024\/#breadcrumb","itemListElement":[{"@type":"ListItem","position":1,"name":"Home","item":"https:\/\/rscj-jpic.org\/fr\/"},{"@type":"ListItem","position":2,"name":"Journ\u00e9e internationale pour l&#8217;\u00e9limination de la pauvret\u00e9, 17 Octobre 2024"}]},{"@type":"WebSite","@id":"https:\/\/rscj-jpic.org\/es\/#website","url":"https:\/\/rscj-jpic.org\/es\/","name":"JPIC Learning Hub","description":"","publisher":{"@id":"https:\/\/rscj-jpic.org\/es\/#organization"},"potentialAction":[{"@type":"SearchAction","target":{"@type":"EntryPoint","urlTemplate":"https:\/\/rscj-jpic.org\/es\/?s={search_term_string}"},"query-input":{"@type":"PropertyValueSpecification","valueRequired":true,"valueName":"search_term_string"}}],"inLanguage":"fr-FR"},{"@type":"Organization","@id":"https:\/\/rscj-jpic.org\/es\/#organization","name":"JPIC","url":"https:\/\/rscj-jpic.org\/es\/","logo":{"@type":"ImageObject","inLanguage":"fr-FR","@id":"https:\/\/rscj-jpic.org\/es\/#\/schema\/logo\/image\/","url":"https:\/\/rscj-jpic.org\/wp-content\/uploads\/2025\/10\/rscj-jpic-logo-recolorise.png","contentUrl":"https:\/\/rscj-jpic.org\/wp-content\/uploads\/2025\/10\/rscj-jpic-logo-recolorise.png","width":125,"height":170,"caption":"JPIC"},"image":{"@id":"https:\/\/rscj-jpic.org\/es\/#\/schema\/logo\/image\/"},"sameAs":["https:\/\/www.facebook.com\/rscjpicinternational\/"]},{"@type":"Person","@id":"https:\/\/rscj-jpic.org\/es\/#\/schema\/person\/9b0e8dff1b77a0c1169c8916fede4d37","name":"adminjpiclh","image":{"@type":"ImageObject","inLanguage":"fr-FR","@id":"https:\/\/secure.gravatar.com\/avatar\/f774dec0de79f1f23532bbf1b7d1a2bd753e4621dca994555c7a05abf8da829a?s=96&d=mm&r=g","url":"https:\/\/secure.gravatar.com\/avatar\/f774dec0de79f1f23532bbf1b7d1a2bd753e4621dca994555c7a05abf8da829a?s=96&d=mm&r=g","contentUrl":"https:\/\/secure.gravatar.com\/avatar\/f774dec0de79f1f23532bbf1b7d1a2bd753e4621dca994555c7a05abf8da829a?s=96&d=mm&r=g","caption":"adminjpiclh"},"sameAs":["https:\/\/rscj-jpic.org"],"url":"https:\/\/rscj-jpic.org\/fr\/author\/adminjpiclh\/"}]}},"_links":{"self":[{"href":"https:\/\/rscj-jpic.org\/fr\/wp-json\/wp\/v2\/posts\/6911","targetHints":{"allow":["GET"]}}],"collection":[{"href":"https:\/\/rscj-jpic.org\/fr\/wp-json\/wp\/v2\/posts"}],"about":[{"href":"https:\/\/rscj-jpic.org\/fr\/wp-json\/wp\/v2\/types\/post"}],"author":[{"embeddable":true,"href":"https:\/\/rscj-jpic.org\/fr\/wp-json\/wp\/v2\/users\/1"}],"replies":[{"embeddable":true,"href":"https:\/\/rscj-jpic.org\/fr\/wp-json\/wp\/v2\/comments?post=6911"}],"version-history":[{"count":2,"href":"https:\/\/rscj-jpic.org\/fr\/wp-json\/wp\/v2\/posts\/6911\/revisions"}],"predecessor-version":[{"id":6915,"href":"https:\/\/rscj-jpic.org\/fr\/wp-json\/wp\/v2\/posts\/6911\/revisions\/6915"}],"wp:featuredmedia":[{"embeddable":true,"href":"https:\/\/rscj-jpic.org\/fr\/wp-json\/wp\/v2\/media\/6913"}],"wp:attachment":[{"href":"https:\/\/rscj-jpic.org\/fr\/wp-json\/wp\/v2\/media?parent=6911"}],"wp:term":[{"taxonomy":"category","embeddable":true,"href":"https:\/\/rscj-jpic.org\/fr\/wp-json\/wp\/v2\/categories?post=6911"},{"taxonomy":"post_tag","embeddable":true,"href":"https:\/\/rscj-jpic.org\/fr\/wp-json\/wp\/v2\/tags?post=6911"},{"taxonomy":"imperative","embeddable":true,"href":"https:\/\/rscj-jpic.org\/fr\/wp-json\/wp\/v2\/imperative?post=6911"}],"curies":[{"name":"wp","href":"https:\/\/api.w.org\/{rel}","templated":true}]}}