{"id":3030,"date":"2021-09-11T02:42:00","date_gmt":"2021-09-11T02:42:00","guid":{"rendered":"https:\/\/rscj-jpic.acck2.fr\/defi-de-la-migration-des-personnes\/"},"modified":"2026-01-13T11:37:51","modified_gmt":"2026-01-13T11:37:51","slug":"defi-de-la-migration-des-personnes","status":"publish","type":"post","link":"https:\/\/rscj-jpic.org\/fr\/defi-de-la-migration-des-personnes\/","title":{"rendered":"D\u00e9fi de la migration des personnes"},"content":{"rendered":"<p><img decoding=\"async\" alt=\"\" data-align=\"right\" data-file-id=\"1246\" src=\"\/files\/inline-images\/cover-eng_cs-webinar-series.png\" width=\"500\" \/><\/p>\n<p>Le <span class=\"underline\"><strong><a href=\"https:\/\/peoplesmigrationchallenge.org\/\">D\u00e9fi de la Migration des Personnes<\/a><\/strong><\/span> cr\u00e9e une plate-forme pour la soci\u00e9t\u00e9 civile, les migrants et d&rsquo;autres parties prenantes afin de cr\u00e9er un mouvement de solidarit\u00e9 dans le but d&rsquo;identifier des solutions aux probl\u00e8mes li\u00e9s \u00e0 la migration qui sont orient\u00e9es vers l&rsquo;action, innovantes, fond\u00e9es sur les droits et ancr\u00e9es dans les ODD.<\/p>\n<p>Le premier cycle des discussions mondiales s&rsquo;est tenu du 13 avril au 18 mai 2021. Cliquez sur les liens ci-dessous pour en savoir plus sur les cinq domaines th\u00e9matiques :<\/p>\n<ol>\n<li><a href=\"https:\/\/peoplesmigrationchallenge.org\/migration-covid-19-and-a-new-social-contract\/\"><strong>Migration, COVID-19 et le nouveau contrat social<\/strong><\/a><br \/>\n(Un r\u00e9sum\u00e9 d&rsquo;une page \u00e9galement disponible en <a href=\"https:\/\/rscj-jpic.org\/wp-content\/uploads\/2025\/11\/eng-migration-one-pager.pdf\">Anglais<\/a> &#8211; <a href=\"https:\/\/rscj-jpic.org\/wp-content\/uploads\/2025\/11\/frn-migration-one-pager.pdf\">Fran\u00e7ais<\/a> &#8211; <a href=\"https:\/\/rscj-jpic.org\/wp-content\/uploads\/2025\/11\/migration-one-pager-arabic.pdf\">Arabe<\/a>)<\/li>\n<li><strong><a href=\"https:\/\/peoplesmigrationchallenge.org\/race-ethnicity-in-migration\/\">Race et ethnicit\u00e9 dans la migration<\/a><\/strong><br \/>\n(Un r\u00e9sum\u00e9 d&rsquo;une page \u00e9galement disponible en <a href=\"https:\/\/rscj-jpic.org\/wp-content\/uploads\/2025\/11\/race-and-ethnicity-one-pager-english.pdf\">Anglais<\/a> &#8211; <a href=\"https:\/\/rscj-jpic.org\/wp-content\/uploads\/2025\/11\/race-and-ethnicity-one-pager-spanish.pdf\">Espanol<\/a> &#8211; <a href=\"https:\/\/rscj-jpic.org\/wp-content\/uploads\/2025\/11\/race-and-ethnicity-one-pager-french.pdf\">Fran\u00e7ais<\/a> &#8211; <a href=\"https:\/\/rscj-jpic.org\/wp-content\/uploads\/2025\/11\/race-and-ethnicity-one-pager-arabic.pdf\">Arabe<\/a>)<\/li>\n<li><a href=\"https:\/\/peoplesmigrationchallenge.org\/regular-pathways-and-irregular-migration\/\"><strong>Parcours r\u00e9guliers et migration irr\u00e9guli\u00e8re<\/strong><\/a><\/li>\n<li><a href=\"https:\/\/peoplesmigrationchallenge.org\/detention-and-return\/\"><strong>D\u00e9tention et retour<\/strong><\/a><\/li>\n<li><a href=\"https:\/\/peoplesmigrationchallenge.org\/climate-change-and-migration-o\/\"><strong>Changement climatique et migration<\/strong><\/a><\/li>\n<\/ol><\/p>\n","protected":false},"excerpt":{"rendered":"<p>Le D\u00e9fi de la Migration des Personnes cr\u00e9e une plate-forme  [&#8230;]<\/p>\n","protected":false},"author":1,"featured_media":3021,"comment_status":"closed","ping_status":"open","sticky":false,"template":"","format":"standard","meta":{"_acf_changed":false,"_price":"","_stock":"","_tribe_ticket_header":"","_tribe_default_ticket_provider":"","_tribe_ticket_capacity":"","_ticket_start_date":"","_ticket_end_date":"","_tribe_ticket_show_description":"","_tribe_ticket_show_not_going":false,"_tribe_ticket_use_global_stock":"","_tribe_ticket_global_stock_level":"","_global_stock_mode":"","_global_stock_cap":"","_tribe_rsvp_for_event":"","_tribe_ticket_going_count":"","_tribe_ticket_not_going_count":"","_tribe_tickets_list":"[]","_tribe_ticket_has_attendee_info_fields":false,"footnotes":""},"categories":[22],"tags":[],"imperative":[],"class_list":["post-3030","post","type-post","status-publish","format-standard","has-post-thumbnail","hentry","category-non-categorise"],"acf":[],"yoast_head":"<!-- This site is optimized with the Yoast SEO plugin v27.5 - https:\/\/yoast.com\/product\/yoast-seo-wordpress\/ -->\n<title>D\u00e9fi de la migration des personnes - JPIC Learning Hub<\/title>\n<meta name=\"robots\" content=\"index, follow, max-snippet:-1, max-image-preview:large, max-video-preview:-1\" \/>\n<link rel=\"canonical\" href=\"https:\/\/rscj-jpic.org\/fr\/defi-de-la-migration-des-personnes\/\" \/>\n<meta property=\"og:locale\" content=\"fr_FR\" \/>\n<meta property=\"og:type\" content=\"article\" \/>\n<meta property=\"og:title\" content=\"D\u00e9fi de la migration des personnes - JPIC Learning Hub\" \/>\n<meta property=\"og:description\" content=\"Le D\u00e9fi de la Migration des Personnes cr\u00e9e une plate-forme [...]\" \/>\n<meta property=\"og:url\" content=\"https:\/\/rscj-jpic.org\/fr\/defi-de-la-migration-des-personnes\/\" \/>\n<meta property=\"og:site_name\" content=\"JPIC Learning Hub\" \/>\n<meta property=\"article:publisher\" content=\"https:\/\/www.facebook.com\/rscjpicinternational\/\" \/>\n<meta property=\"article:published_time\" content=\"2021-09-11T02:42:00+00:00\" \/>\n<meta property=\"article:modified_time\" content=\"2026-01-13T11:37:51+00:00\" \/>\n<meta property=\"og:image\" content=\"https:\/\/rscj-jpic.org\/wp-content\/uploads\/2021\/09\/cover-eng_cs-webinar-series.png\" \/>\n\t<meta property=\"og:image:width\" content=\"1640\" \/>\n\t<meta property=\"og:image:height\" content=\"924\" \/>\n\t<meta property=\"og:image:type\" content=\"image\/png\" \/>\n<meta name=\"author\" content=\"adminjpiclh\" \/>\n<meta name=\"twitter:card\" content=\"summary_large_image\" \/>\n<meta name=\"twitter:label1\" content=\"\u00c9crit par\" \/>\n\t<meta name=\"twitter:data1\" content=\"adminjpiclh\" \/>\n\t<meta name=\"twitter:label2\" content=\"Dur\u00e9e de lecture estim\u00e9e\" \/>\n\t<meta name=\"twitter:data2\" content=\"1 minute\" \/>\n<script type=\"application\/ld+json\" class=\"yoast-schema-graph\">{\"@context\":\"https:\\\/\\\/schema.org\",\"@graph\":[{\"@type\":\"Article\",\"@id\":\"https:\\\/\\\/rscj-jpic.org\\\/fr\\\/defi-de-la-migration-des-personnes\\\/#article\",\"isPartOf\":{\"@id\":\"https:\\\/\\\/rscj-jpic.org\\\/fr\\\/defi-de-la-migration-des-personnes\\\/\"},\"author\":{\"name\":\"adminjpiclh\",\"@id\":\"https:\\\/\\\/rscj-jpic.org\\\/es\\\/#\\\/schema\\\/person\\\/9b0e8dff1b77a0c1169c8916fede4d37\"},\"headline\":\"D\u00e9fi de la migration des personnes\",\"datePublished\":\"2021-09-11T02:42:00+00:00\",\"dateModified\":\"2026-01-13T11:37:51+00:00\",\"mainEntityOfPage\":{\"@id\":\"https:\\\/\\\/rscj-jpic.org\\\/fr\\\/defi-de-la-migration-des-personnes\\\/\"},\"wordCount\":161,\"publisher\":{\"@id\":\"https:\\\/\\\/rscj-jpic.org\\\/es\\\/#organization\"},\"image\":{\"@id\":\"https:\\\/\\\/rscj-jpic.org\\\/fr\\\/defi-de-la-migration-des-personnes\\\/#primaryimage\"},\"thumbnailUrl\":\"https:\\\/\\\/rscj-jpic.org\\\/wp-content\\\/uploads\\\/2021\\\/09\\\/cover-eng_cs-webinar-series.png\",\"articleSection\":[\"Non cat\u00e9goris\u00e9\"],\"inLanguage\":\"fr-FR\"},{\"@type\":\"WebPage\",\"@id\":\"https:\\\/\\\/rscj-jpic.org\\\/fr\\\/defi-de-la-migration-des-personnes\\\/\",\"url\":\"https:\\\/\\\/rscj-jpic.org\\\/fr\\\/defi-de-la-migration-des-personnes\\\/\",\"name\":\"D\u00e9fi de la migration des personnes - JPIC Learning Hub\",\"isPartOf\":{\"@id\":\"https:\\\/\\\/rscj-jpic.org\\\/es\\\/#website\"},\"primaryImageOfPage\":{\"@id\":\"https:\\\/\\\/rscj-jpic.org\\\/fr\\\/defi-de-la-migration-des-personnes\\\/#primaryimage\"},\"image\":{\"@id\":\"https:\\\/\\\/rscj-jpic.org\\\/fr\\\/defi-de-la-migration-des-personnes\\\/#primaryimage\"},\"thumbnailUrl\":\"https:\\\/\\\/rscj-jpic.org\\\/wp-content\\\/uploads\\\/2021\\\/09\\\/cover-eng_cs-webinar-series.png\",\"datePublished\":\"2021-09-11T02:42:00+00:00\",\"dateModified\":\"2026-01-13T11:37:51+00:00\",\"breadcrumb\":{\"@id\":\"https:\\\/\\\/rscj-jpic.org\\\/fr\\\/defi-de-la-migration-des-personnes\\\/#breadcrumb\"},\"inLanguage\":\"fr-FR\",\"potentialAction\":[{\"@type\":\"ReadAction\",\"target\":[\"https:\\\/\\\/rscj-jpic.org\\\/fr\\\/defi-de-la-migration-des-personnes\\\/\"]}]},{\"@type\":\"ImageObject\",\"inLanguage\":\"fr-FR\",\"@id\":\"https:\\\/\\\/rscj-jpic.org\\\/fr\\\/defi-de-la-migration-des-personnes\\\/#primaryimage\",\"url\":\"https:\\\/\\\/rscj-jpic.org\\\/wp-content\\\/uploads\\\/2021\\\/09\\\/cover-eng_cs-webinar-series.png\",\"contentUrl\":\"https:\\\/\\\/rscj-jpic.org\\\/wp-content\\\/uploads\\\/2021\\\/09\\\/cover-eng_cs-webinar-series.png\",\"width\":1640,\"height\":924},{\"@type\":\"BreadcrumbList\",\"@id\":\"https:\\\/\\\/rscj-jpic.org\\\/fr\\\/defi-de-la-migration-des-personnes\\\/#breadcrumb\",\"itemListElement\":[{\"@type\":\"ListItem\",\"position\":1,\"name\":\"Home\",\"item\":\"https:\\\/\\\/rscj-jpic.org\\\/fr\\\/\"},{\"@type\":\"ListItem\",\"position\":2,\"name\":\"D\u00e9fi de la migration des personnes\"}]},{\"@type\":\"WebSite\",\"@id\":\"https:\\\/\\\/rscj-jpic.org\\\/es\\\/#website\",\"url\":\"https:\\\/\\\/rscj-jpic.org\\\/es\\\/\",\"name\":\"JPIC Learning Hub\",\"description\":\"\",\"publisher\":{\"@id\":\"https:\\\/\\\/rscj-jpic.org\\\/es\\\/#organization\"},\"potentialAction\":[{\"@type\":\"SearchAction\",\"target\":{\"@type\":\"EntryPoint\",\"urlTemplate\":\"https:\\\/\\\/rscj-jpic.org\\\/es\\\/?s={search_term_string}\"},\"query-input\":{\"@type\":\"PropertyValueSpecification\",\"valueRequired\":true,\"valueName\":\"search_term_string\"}}],\"inLanguage\":\"fr-FR\"},{\"@type\":\"Organization\",\"@id\":\"https:\\\/\\\/rscj-jpic.org\\\/es\\\/#organization\",\"name\":\"JPIC\",\"url\":\"https:\\\/\\\/rscj-jpic.org\\\/es\\\/\",\"logo\":{\"@type\":\"ImageObject\",\"inLanguage\":\"fr-FR\",\"@id\":\"https:\\\/\\\/rscj-jpic.org\\\/es\\\/#\\\/schema\\\/logo\\\/image\\\/\",\"url\":\"https:\\\/\\\/rscj-jpic.org\\\/wp-content\\\/uploads\\\/2025\\\/10\\\/rscj-jpic-logo-recolorise.png\",\"contentUrl\":\"https:\\\/\\\/rscj-jpic.org\\\/wp-content\\\/uploads\\\/2025\\\/10\\\/rscj-jpic-logo-recolorise.png\",\"width\":125,\"height\":170,\"caption\":\"JPIC\"},\"image\":{\"@id\":\"https:\\\/\\\/rscj-jpic.org\\\/es\\\/#\\\/schema\\\/logo\\\/image\\\/\"},\"sameAs\":[\"https:\\\/\\\/www.facebook.com\\\/rscjpicinternational\\\/\"]},{\"@type\":\"Person\",\"@id\":\"https:\\\/\\\/rscj-jpic.org\\\/es\\\/#\\\/schema\\\/person\\\/9b0e8dff1b77a0c1169c8916fede4d37\",\"name\":\"adminjpiclh\",\"image\":{\"@type\":\"ImageObject\",\"inLanguage\":\"fr-FR\",\"@id\":\"https:\\\/\\\/secure.gravatar.com\\\/avatar\\\/f774dec0de79f1f23532bbf1b7d1a2bd753e4621dca994555c7a05abf8da829a?s=96&d=mm&r=g\",\"url\":\"https:\\\/\\\/secure.gravatar.com\\\/avatar\\\/f774dec0de79f1f23532bbf1b7d1a2bd753e4621dca994555c7a05abf8da829a?s=96&d=mm&r=g\",\"contentUrl\":\"https:\\\/\\\/secure.gravatar.com\\\/avatar\\\/f774dec0de79f1f23532bbf1b7d1a2bd753e4621dca994555c7a05abf8da829a?s=96&d=mm&r=g\",\"caption\":\"adminjpiclh\"},\"sameAs\":[\"https:\\\/\\\/rscj-jpic.org\"],\"url\":\"https:\\\/\\\/rscj-jpic.org\\\/fr\\\/author\\\/adminjpiclh\\\/\"}]}<\/script>\n<!-- \/ Yoast SEO plugin. -->","yoast_head_json":{"title":"D\u00e9fi de la migration des personnes - JPIC Learning Hub","robots":{"index":"index","follow":"follow","max-snippet":"max-snippet:-1","max-image-preview":"max-image-preview:large","max-video-preview":"max-video-preview:-1"},"canonical":"https:\/\/rscj-jpic.org\/fr\/defi-de-la-migration-des-personnes\/","og_locale":"fr_FR","og_type":"article","og_title":"D\u00e9fi de la migration des personnes - JPIC Learning Hub","og_description":"Le D\u00e9fi de la Migration des Personnes cr\u00e9e une plate-forme [...]","og_url":"https:\/\/rscj-jpic.org\/fr\/defi-de-la-migration-des-personnes\/","og_site_name":"JPIC Learning Hub","article_publisher":"https:\/\/www.facebook.com\/rscjpicinternational\/","article_published_time":"2021-09-11T02:42:00+00:00","article_modified_time":"2026-01-13T11:37:51+00:00","og_image":[{"width":1640,"height":924,"url":"https:\/\/rscj-jpic.org\/wp-content\/uploads\/2021\/09\/cover-eng_cs-webinar-series.png","type":"image\/png"}],"author":"adminjpiclh","twitter_card":"summary_large_image","twitter_misc":{"\u00c9crit par":"adminjpiclh","Dur\u00e9e de lecture estim\u00e9e":"1 minute"},"schema":{"@context":"https:\/\/schema.org","@graph":[{"@type":"Article","@id":"https:\/\/rscj-jpic.org\/fr\/defi-de-la-migration-des-personnes\/#article","isPartOf":{"@id":"https:\/\/rscj-jpic.org\/fr\/defi-de-la-migration-des-personnes\/"},"author":{"name":"adminjpiclh","@id":"https:\/\/rscj-jpic.org\/es\/#\/schema\/person\/9b0e8dff1b77a0c1169c8916fede4d37"},"headline":"D\u00e9fi de la migration des personnes","datePublished":"2021-09-11T02:42:00+00:00","dateModified":"2026-01-13T11:37:51+00:00","mainEntityOfPage":{"@id":"https:\/\/rscj-jpic.org\/fr\/defi-de-la-migration-des-personnes\/"},"wordCount":161,"publisher":{"@id":"https:\/\/rscj-jpic.org\/es\/#organization"},"image":{"@id":"https:\/\/rscj-jpic.org\/fr\/defi-de-la-migration-des-personnes\/#primaryimage"},"thumbnailUrl":"https:\/\/rscj-jpic.org\/wp-content\/uploads\/2021\/09\/cover-eng_cs-webinar-series.png","articleSection":["Non cat\u00e9goris\u00e9"],"inLanguage":"fr-FR"},{"@type":"WebPage","@id":"https:\/\/rscj-jpic.org\/fr\/defi-de-la-migration-des-personnes\/","url":"https:\/\/rscj-jpic.org\/fr\/defi-de-la-migration-des-personnes\/","name":"D\u00e9fi de la migration des personnes - JPIC Learning Hub","isPartOf":{"@id":"https:\/\/rscj-jpic.org\/es\/#website"},"primaryImageOfPage":{"@id":"https:\/\/rscj-jpic.org\/fr\/defi-de-la-migration-des-personnes\/#primaryimage"},"image":{"@id":"https:\/\/rscj-jpic.org\/fr\/defi-de-la-migration-des-personnes\/#primaryimage"},"thumbnailUrl":"https:\/\/rscj-jpic.org\/wp-content\/uploads\/2021\/09\/cover-eng_cs-webinar-series.png","datePublished":"2021-09-11T02:42:00+00:00","dateModified":"2026-01-13T11:37:51+00:00","breadcrumb":{"@id":"https:\/\/rscj-jpic.org\/fr\/defi-de-la-migration-des-personnes\/#breadcrumb"},"inLanguage":"fr-FR","potentialAction":[{"@type":"ReadAction","target":["https:\/\/rscj-jpic.org\/fr\/defi-de-la-migration-des-personnes\/"]}]},{"@type":"ImageObject","inLanguage":"fr-FR","@id":"https:\/\/rscj-jpic.org\/fr\/defi-de-la-migration-des-personnes\/#primaryimage","url":"https:\/\/rscj-jpic.org\/wp-content\/uploads\/2021\/09\/cover-eng_cs-webinar-series.png","contentUrl":"https:\/\/rscj-jpic.org\/wp-content\/uploads\/2021\/09\/cover-eng_cs-webinar-series.png","width":1640,"height":924},{"@type":"BreadcrumbList","@id":"https:\/\/rscj-jpic.org\/fr\/defi-de-la-migration-des-personnes\/#breadcrumb","itemListElement":[{"@type":"ListItem","position":1,"name":"Home","item":"https:\/\/rscj-jpic.org\/fr\/"},{"@type":"ListItem","position":2,"name":"D\u00e9fi de la migration des personnes"}]},{"@type":"WebSite","@id":"https:\/\/rscj-jpic.org\/es\/#website","url":"https:\/\/rscj-jpic.org\/es\/","name":"JPIC Learning Hub","description":"","publisher":{"@id":"https:\/\/rscj-jpic.org\/es\/#organization"},"potentialAction":[{"@type":"SearchAction","target":{"@type":"EntryPoint","urlTemplate":"https:\/\/rscj-jpic.org\/es\/?s={search_term_string}"},"query-input":{"@type":"PropertyValueSpecification","valueRequired":true,"valueName":"search_term_string"}}],"inLanguage":"fr-FR"},{"@type":"Organization","@id":"https:\/\/rscj-jpic.org\/es\/#organization","name":"JPIC","url":"https:\/\/rscj-jpic.org\/es\/","logo":{"@type":"ImageObject","inLanguage":"fr-FR","@id":"https:\/\/rscj-jpic.org\/es\/#\/schema\/logo\/image\/","url":"https:\/\/rscj-jpic.org\/wp-content\/uploads\/2025\/10\/rscj-jpic-logo-recolorise.png","contentUrl":"https:\/\/rscj-jpic.org\/wp-content\/uploads\/2025\/10\/rscj-jpic-logo-recolorise.png","width":125,"height":170,"caption":"JPIC"},"image":{"@id":"https:\/\/rscj-jpic.org\/es\/#\/schema\/logo\/image\/"},"sameAs":["https:\/\/www.facebook.com\/rscjpicinternational\/"]},{"@type":"Person","@id":"https:\/\/rscj-jpic.org\/es\/#\/schema\/person\/9b0e8dff1b77a0c1169c8916fede4d37","name":"adminjpiclh","image":{"@type":"ImageObject","inLanguage":"fr-FR","@id":"https:\/\/secure.gravatar.com\/avatar\/f774dec0de79f1f23532bbf1b7d1a2bd753e4621dca994555c7a05abf8da829a?s=96&d=mm&r=g","url":"https:\/\/secure.gravatar.com\/avatar\/f774dec0de79f1f23532bbf1b7d1a2bd753e4621dca994555c7a05abf8da829a?s=96&d=mm&r=g","contentUrl":"https:\/\/secure.gravatar.com\/avatar\/f774dec0de79f1f23532bbf1b7d1a2bd753e4621dca994555c7a05abf8da829a?s=96&d=mm&r=g","caption":"adminjpiclh"},"sameAs":["https:\/\/rscj-jpic.org"],"url":"https:\/\/rscj-jpic.org\/fr\/author\/adminjpiclh\/"}]}},"_links":{"self":[{"href":"https:\/\/rscj-jpic.org\/fr\/wp-json\/wp\/v2\/posts\/3030","targetHints":{"allow":["GET"]}}],"collection":[{"href":"https:\/\/rscj-jpic.org\/fr\/wp-json\/wp\/v2\/posts"}],"about":[{"href":"https:\/\/rscj-jpic.org\/fr\/wp-json\/wp\/v2\/types\/post"}],"author":[{"embeddable":true,"href":"https:\/\/rscj-jpic.org\/fr\/wp-json\/wp\/v2\/users\/1"}],"replies":[{"embeddable":true,"href":"https:\/\/rscj-jpic.org\/fr\/wp-json\/wp\/v2\/comments?post=3030"}],"version-history":[{"count":1,"href":"https:\/\/rscj-jpic.org\/fr\/wp-json\/wp\/v2\/posts\/3030\/revisions"}],"predecessor-version":[{"id":3965,"href":"https:\/\/rscj-jpic.org\/fr\/wp-json\/wp\/v2\/posts\/3030\/revisions\/3965"}],"wp:featuredmedia":[{"embeddable":true,"href":"https:\/\/rscj-jpic.org\/fr\/wp-json\/wp\/v2\/media\/3021"}],"wp:attachment":[{"href":"https:\/\/rscj-jpic.org\/fr\/wp-json\/wp\/v2\/media?parent=3030"}],"wp:term":[{"taxonomy":"category","embeddable":true,"href":"https:\/\/rscj-jpic.org\/fr\/wp-json\/wp\/v2\/categories?post=3030"},{"taxonomy":"post_tag","embeddable":true,"href":"https:\/\/rscj-jpic.org\/fr\/wp-json\/wp\/v2\/tags?post=3030"},{"taxonomy":"imperative","embeddable":true,"href":"https:\/\/rscj-jpic.org\/fr\/wp-json\/wp\/v2\/imperative?post=3030"}],"curies":[{"name":"wp","href":"https:\/\/api.w.org\/{rel}","templated":true}]}}