{"id":1973,"date":"2025-05-23T13:23:00","date_gmt":"2025-05-23T13:23:00","guid":{"rendered":"https:\/\/rscj-jpic.acck2.fr\/jesuites-pour-la-justice-climatique-campagne-sb62-et-cop30\/"},"modified":"2025-10-31T12:11:16","modified_gmt":"2025-10-31T12:11:16","slug":"jesuites-pour-la-justice-climatique-campagne-sb62-et-cop30","status":"publish","type":"post","link":"https:\/\/rscj-jpic.org\/fr\/jesuites-pour-la-justice-climatique-campagne-sb62-et-cop30\/","title":{"rendered":"J\u00e9suites pour la Justice Climatique Campagne SB62 et COP30"},"content":{"rendered":"<p>Il n\u2019est plus possible de nier la crise climatique. Ses effets les plus graves se font sentir dans les pays o\u00f9 des conditions m\u00e9t\u00e9orologiques extr\u00eames d\u00e9vastent les populations, o\u00f9 la mont\u00e9e du niveau de la mer menace les r\u00e9gions c\u00f4ti\u00e8res et o\u00f9 l\u2019effondrement des \u00e9cosyst\u00e8mes met en p\u00e9ril les moyens de subsistance.<\/p>\n<p>\u00c0 l&rsquo;heure actuelle, l&rsquo;acc\u00e9l\u00e9ration du changement climatique nous appelle tous \u00e0 une action mondiale int\u00e9gr\u00e9e, en particulier parce qu&rsquo;il touche les populations vuln\u00e9rables, les jeunes et les personnes d\u00e9plac\u00e9es.<\/p>\n<p>Nous sommes invit\u00e9s \u00e0 unir nos volont\u00e9s, nos projets, nos id\u00e9es, notre temps et nos ressources, avec beaucoup d&rsquo;autres, pour prendre soin de notre maison commune. En signant cette D\u00e9claration globale, nous poursuivons notre chemin vers la transformation&nbsp;\u00e9cologique.<\/p>\n<p class=\"text-align-center\">Cliquez ici pour signer la d\u00e9claration :&nbsp;<a href=\"https:\/\/docs.google.com\/forms\/d\/e\/1FAIpQLSd7pABA6tJzb_LxTY5nqqwZQtXFjzJim--U74VP7cxdKsWXMg\/viewform\"><span class=\"underline\"><strong>D\u00e9claration globale des J\u00e9suites pour la justice climatique, \u00e0 l&rsquo;occasion de la COP30<\/strong><\/span><\/a><\/p>\n<p><img decoding=\"async\" alt=\"\" data-align=\"center\" data-file-id=\"5262\" src=\"\/wp-content\/uploads\/2021\/09\/1-4.png\" width=\"400\" \/><\/p>\n<p>&nbsp;<\/p>\n","protected":false},"excerpt":{"rendered":"<p>Il n\u2019est plus possible de nier la crise climatique. Ses  [&#8230;]<\/p>\n","protected":false},"author":1,"featured_media":1974,"comment_status":"closed","ping_status":"open","sticky":false,"template":"","format":"standard","meta":{"_acf_changed":false,"_price":"","_stock":"","_tribe_ticket_header":"","_tribe_default_ticket_provider":"","_tribe_ticket_capacity":"","_ticket_start_date":"","_ticket_end_date":"","_tribe_ticket_show_description":"","_tribe_ticket_show_not_going":false,"_tribe_ticket_use_global_stock":"","_tribe_ticket_global_stock_level":"","_global_stock_mode":"","_global_stock_cap":"","_tribe_rsvp_for_event":"","_tribe_ticket_going_count":"","_tribe_ticket_not_going_count":"","_tribe_tickets_list":"[]","_tribe_ticket_has_attendee_info_fields":false,"footnotes":""},"categories":[119,137],"tags":[],"imperative":[],"class_list":["post-1973","post","type-post","status-publish","format-standard","has-post-thumbnail","hentry","category-actions-jpic","category-enonce"],"acf":[],"yoast_head":"<!-- This site is optimized with the Yoast SEO plugin v27.2 - https:\/\/yoast.com\/product\/yoast-seo-wordpress\/ -->\n<title>J\u00e9suites pour la Justice Climatique Campagne SB62 et COP30 - JPIC Learning Hub<\/title>\n<meta name=\"robots\" content=\"index, follow, max-snippet:-1, max-image-preview:large, max-video-preview:-1\" \/>\n<link rel=\"canonical\" href=\"https:\/\/rscj-jpic.org\/fr\/jesuites-pour-la-justice-climatique-campagne-sb62-et-cop30\/\" \/>\n<meta property=\"og:locale\" content=\"fr_FR\" \/>\n<meta property=\"og:type\" content=\"article\" \/>\n<meta property=\"og:title\" content=\"J\u00e9suites pour la Justice Climatique Campagne SB62 et COP30 - JPIC Learning Hub\" \/>\n<meta property=\"og:description\" content=\"Il n\u2019est plus possible de nier la crise climatique. Ses [...]\" \/>\n<meta property=\"og:url\" content=\"https:\/\/rscj-jpic.org\/fr\/jesuites-pour-la-justice-climatique-campagne-sb62-et-cop30\/\" \/>\n<meta property=\"og:site_name\" content=\"JPIC Learning Hub\" \/>\n<meta property=\"article:publisher\" content=\"https:\/\/www.facebook.com\/rscjpicinternational\/\" \/>\n<meta property=\"article:published_time\" content=\"2025-05-23T13:23:00+00:00\" \/>\n<meta property=\"article:modified_time\" content=\"2025-10-31T12:11:16+00:00\" \/>\n<meta property=\"og:image\" content=\"https:\/\/rscj-jpic.org\/wp-content\/uploads\/2025\/05\/1-4-819x1024.png\" \/>\n\t<meta property=\"og:image:width\" content=\"819\" \/>\n\t<meta property=\"og:image:height\" content=\"1024\" \/>\n\t<meta property=\"og:image:type\" content=\"image\/png\" \/>\n<meta name=\"author\" content=\"adminjpiclh\" \/>\n<meta name=\"twitter:card\" content=\"summary_large_image\" \/>\n<meta name=\"twitter:label1\" content=\"\u00c9crit par\" \/>\n\t<meta name=\"twitter:data1\" content=\"adminjpiclh\" \/>\n\t<meta name=\"twitter:label2\" content=\"Dur\u00e9e de lecture estim\u00e9e\" \/>\n\t<meta name=\"twitter:data2\" content=\"1 minute\" \/>\n<script type=\"application\/ld+json\" class=\"yoast-schema-graph\">{\"@context\":\"https:\/\/schema.org\",\"@graph\":[{\"@type\":\"Article\",\"@id\":\"https:\/\/rscj-jpic.org\/fr\/jesuites-pour-la-justice-climatique-campagne-sb62-et-cop30\/#article\",\"isPartOf\":{\"@id\":\"https:\/\/rscj-jpic.org\/fr\/jesuites-pour-la-justice-climatique-campagne-sb62-et-cop30\/\"},\"author\":{\"name\":\"adminjpiclh\",\"@id\":\"https:\/\/rscj-jpic.org\/es\/#\/schema\/person\/9b0e8dff1b77a0c1169c8916fede4d37\"},\"headline\":\"J\u00e9suites pour la Justice Climatique Campagne SB62 et COP30\",\"datePublished\":\"2025-05-23T13:23:00+00:00\",\"dateModified\":\"2025-10-31T12:11:16+00:00\",\"mainEntityOfPage\":{\"@id\":\"https:\/\/rscj-jpic.org\/fr\/jesuites-pour-la-justice-climatique-campagne-sb62-et-cop30\/\"},\"wordCount\":179,\"publisher\":{\"@id\":\"https:\/\/rscj-jpic.org\/es\/#organization\"},\"image\":{\"@id\":\"https:\/\/rscj-jpic.org\/fr\/jesuites-pour-la-justice-climatique-campagne-sb62-et-cop30\/#primaryimage\"},\"thumbnailUrl\":\"https:\/\/rscj-jpic.org\/wp-content\/uploads\/2025\/05\/1-4.png\",\"articleSection\":[\"Actions JPIC\",\"\u00e9nonc\u00e9\"],\"inLanguage\":\"fr-FR\"},{\"@type\":\"WebPage\",\"@id\":\"https:\/\/rscj-jpic.org\/fr\/jesuites-pour-la-justice-climatique-campagne-sb62-et-cop30\/\",\"url\":\"https:\/\/rscj-jpic.org\/fr\/jesuites-pour-la-justice-climatique-campagne-sb62-et-cop30\/\",\"name\":\"J\u00e9suites pour la Justice Climatique Campagne SB62 et COP30 - JPIC Learning Hub\",\"isPartOf\":{\"@id\":\"https:\/\/rscj-jpic.org\/es\/#website\"},\"primaryImageOfPage\":{\"@id\":\"https:\/\/rscj-jpic.org\/fr\/jesuites-pour-la-justice-climatique-campagne-sb62-et-cop30\/#primaryimage\"},\"image\":{\"@id\":\"https:\/\/rscj-jpic.org\/fr\/jesuites-pour-la-justice-climatique-campagne-sb62-et-cop30\/#primaryimage\"},\"thumbnailUrl\":\"https:\/\/rscj-jpic.org\/wp-content\/uploads\/2025\/05\/1-4.png\",\"datePublished\":\"2025-05-23T13:23:00+00:00\",\"dateModified\":\"2025-10-31T12:11:16+00:00\",\"breadcrumb\":{\"@id\":\"https:\/\/rscj-jpic.org\/fr\/jesuites-pour-la-justice-climatique-campagne-sb62-et-cop30\/#breadcrumb\"},\"inLanguage\":\"fr-FR\",\"potentialAction\":[{\"@type\":\"ReadAction\",\"target\":[\"https:\/\/rscj-jpic.org\/fr\/jesuites-pour-la-justice-climatique-campagne-sb62-et-cop30\/\"]}]},{\"@type\":\"ImageObject\",\"inLanguage\":\"fr-FR\",\"@id\":\"https:\/\/rscj-jpic.org\/fr\/jesuites-pour-la-justice-climatique-campagne-sb62-et-cop30\/#primaryimage\",\"url\":\"https:\/\/rscj-jpic.org\/wp-content\/uploads\/2025\/05\/1-4.png\",\"contentUrl\":\"https:\/\/rscj-jpic.org\/wp-content\/uploads\/2025\/05\/1-4.png\",\"width\":1755,\"height\":2194},{\"@type\":\"BreadcrumbList\",\"@id\":\"https:\/\/rscj-jpic.org\/fr\/jesuites-pour-la-justice-climatique-campagne-sb62-et-cop30\/#breadcrumb\",\"itemListElement\":[{\"@type\":\"ListItem\",\"position\":1,\"name\":\"Home\",\"item\":\"https:\/\/rscj-jpic.org\/fr\/\"},{\"@type\":\"ListItem\",\"position\":2,\"name\":\"J\u00e9suites pour la Justice Climatique Campagne SB62 et COP30\"}]},{\"@type\":\"WebSite\",\"@id\":\"https:\/\/rscj-jpic.org\/es\/#website\",\"url\":\"https:\/\/rscj-jpic.org\/es\/\",\"name\":\"JPIC Learning Hub\",\"description\":\"\",\"publisher\":{\"@id\":\"https:\/\/rscj-jpic.org\/es\/#organization\"},\"potentialAction\":[{\"@type\":\"SearchAction\",\"target\":{\"@type\":\"EntryPoint\",\"urlTemplate\":\"https:\/\/rscj-jpic.org\/es\/?s={search_term_string}\"},\"query-input\":{\"@type\":\"PropertyValueSpecification\",\"valueRequired\":true,\"valueName\":\"search_term_string\"}}],\"inLanguage\":\"fr-FR\"},{\"@type\":\"Organization\",\"@id\":\"https:\/\/rscj-jpic.org\/es\/#organization\",\"name\":\"JPIC\",\"url\":\"https:\/\/rscj-jpic.org\/es\/\",\"logo\":{\"@type\":\"ImageObject\",\"inLanguage\":\"fr-FR\",\"@id\":\"https:\/\/rscj-jpic.org\/es\/#\/schema\/logo\/image\/\",\"url\":\"https:\/\/rscj-jpic.org\/wp-content\/uploads\/2025\/10\/rscj-jpic-logo-recolorise.png\",\"contentUrl\":\"https:\/\/rscj-jpic.org\/wp-content\/uploads\/2025\/10\/rscj-jpic-logo-recolorise.png\",\"width\":125,\"height\":170,\"caption\":\"JPIC\"},\"image\":{\"@id\":\"https:\/\/rscj-jpic.org\/es\/#\/schema\/logo\/image\/\"},\"sameAs\":[\"https:\/\/www.facebook.com\/rscjpicinternational\/\"]},{\"@type\":\"Person\",\"@id\":\"https:\/\/rscj-jpic.org\/es\/#\/schema\/person\/9b0e8dff1b77a0c1169c8916fede4d37\",\"name\":\"adminjpiclh\",\"image\":{\"@type\":\"ImageObject\",\"inLanguage\":\"fr-FR\",\"@id\":\"https:\/\/secure.gravatar.com\/avatar\/f774dec0de79f1f23532bbf1b7d1a2bd753e4621dca994555c7a05abf8da829a?s=96&d=mm&r=g\",\"url\":\"https:\/\/secure.gravatar.com\/avatar\/f774dec0de79f1f23532bbf1b7d1a2bd753e4621dca994555c7a05abf8da829a?s=96&d=mm&r=g\",\"contentUrl\":\"https:\/\/secure.gravatar.com\/avatar\/f774dec0de79f1f23532bbf1b7d1a2bd753e4621dca994555c7a05abf8da829a?s=96&d=mm&r=g\",\"caption\":\"adminjpiclh\"},\"sameAs\":[\"https:\/\/rscj-jpic.org\"],\"url\":\"https:\/\/rscj-jpic.org\/fr\/author\/adminjpiclh\/\"}]}<\/script>\n<!-- \/ Yoast SEO plugin. -->","yoast_head_json":{"title":"J\u00e9suites pour la Justice Climatique Campagne SB62 et COP30 - JPIC Learning Hub","robots":{"index":"index","follow":"follow","max-snippet":"max-snippet:-1","max-image-preview":"max-image-preview:large","max-video-preview":"max-video-preview:-1"},"canonical":"https:\/\/rscj-jpic.org\/fr\/jesuites-pour-la-justice-climatique-campagne-sb62-et-cop30\/","og_locale":"fr_FR","og_type":"article","og_title":"J\u00e9suites pour la Justice Climatique Campagne SB62 et COP30 - JPIC Learning Hub","og_description":"Il n\u2019est plus possible de nier la crise climatique. Ses [...]","og_url":"https:\/\/rscj-jpic.org\/fr\/jesuites-pour-la-justice-climatique-campagne-sb62-et-cop30\/","og_site_name":"JPIC Learning Hub","article_publisher":"https:\/\/www.facebook.com\/rscjpicinternational\/","article_published_time":"2025-05-23T13:23:00+00:00","article_modified_time":"2025-10-31T12:11:16+00:00","og_image":[{"width":819,"height":1024,"url":"https:\/\/rscj-jpic.org\/wp-content\/uploads\/2025\/05\/1-4-819x1024.png","type":"image\/png"}],"author":"adminjpiclh","twitter_card":"summary_large_image","twitter_misc":{"\u00c9crit par":"adminjpiclh","Dur\u00e9e de lecture estim\u00e9e":"1 minute"},"schema":{"@context":"https:\/\/schema.org","@graph":[{"@type":"Article","@id":"https:\/\/rscj-jpic.org\/fr\/jesuites-pour-la-justice-climatique-campagne-sb62-et-cop30\/#article","isPartOf":{"@id":"https:\/\/rscj-jpic.org\/fr\/jesuites-pour-la-justice-climatique-campagne-sb62-et-cop30\/"},"author":{"name":"adminjpiclh","@id":"https:\/\/rscj-jpic.org\/es\/#\/schema\/person\/9b0e8dff1b77a0c1169c8916fede4d37"},"headline":"J\u00e9suites pour la Justice Climatique Campagne SB62 et COP30","datePublished":"2025-05-23T13:23:00+00:00","dateModified":"2025-10-31T12:11:16+00:00","mainEntityOfPage":{"@id":"https:\/\/rscj-jpic.org\/fr\/jesuites-pour-la-justice-climatique-campagne-sb62-et-cop30\/"},"wordCount":179,"publisher":{"@id":"https:\/\/rscj-jpic.org\/es\/#organization"},"image":{"@id":"https:\/\/rscj-jpic.org\/fr\/jesuites-pour-la-justice-climatique-campagne-sb62-et-cop30\/#primaryimage"},"thumbnailUrl":"https:\/\/rscj-jpic.org\/wp-content\/uploads\/2025\/05\/1-4.png","articleSection":["Actions JPIC","\u00e9nonc\u00e9"],"inLanguage":"fr-FR"},{"@type":"WebPage","@id":"https:\/\/rscj-jpic.org\/fr\/jesuites-pour-la-justice-climatique-campagne-sb62-et-cop30\/","url":"https:\/\/rscj-jpic.org\/fr\/jesuites-pour-la-justice-climatique-campagne-sb62-et-cop30\/","name":"J\u00e9suites pour la Justice Climatique Campagne SB62 et COP30 - JPIC Learning Hub","isPartOf":{"@id":"https:\/\/rscj-jpic.org\/es\/#website"},"primaryImageOfPage":{"@id":"https:\/\/rscj-jpic.org\/fr\/jesuites-pour-la-justice-climatique-campagne-sb62-et-cop30\/#primaryimage"},"image":{"@id":"https:\/\/rscj-jpic.org\/fr\/jesuites-pour-la-justice-climatique-campagne-sb62-et-cop30\/#primaryimage"},"thumbnailUrl":"https:\/\/rscj-jpic.org\/wp-content\/uploads\/2025\/05\/1-4.png","datePublished":"2025-05-23T13:23:00+00:00","dateModified":"2025-10-31T12:11:16+00:00","breadcrumb":{"@id":"https:\/\/rscj-jpic.org\/fr\/jesuites-pour-la-justice-climatique-campagne-sb62-et-cop30\/#breadcrumb"},"inLanguage":"fr-FR","potentialAction":[{"@type":"ReadAction","target":["https:\/\/rscj-jpic.org\/fr\/jesuites-pour-la-justice-climatique-campagne-sb62-et-cop30\/"]}]},{"@type":"ImageObject","inLanguage":"fr-FR","@id":"https:\/\/rscj-jpic.org\/fr\/jesuites-pour-la-justice-climatique-campagne-sb62-et-cop30\/#primaryimage","url":"https:\/\/rscj-jpic.org\/wp-content\/uploads\/2025\/05\/1-4.png","contentUrl":"https:\/\/rscj-jpic.org\/wp-content\/uploads\/2025\/05\/1-4.png","width":1755,"height":2194},{"@type":"BreadcrumbList","@id":"https:\/\/rscj-jpic.org\/fr\/jesuites-pour-la-justice-climatique-campagne-sb62-et-cop30\/#breadcrumb","itemListElement":[{"@type":"ListItem","position":1,"name":"Home","item":"https:\/\/rscj-jpic.org\/fr\/"},{"@type":"ListItem","position":2,"name":"J\u00e9suites pour la Justice Climatique Campagne SB62 et COP30"}]},{"@type":"WebSite","@id":"https:\/\/rscj-jpic.org\/es\/#website","url":"https:\/\/rscj-jpic.org\/es\/","name":"JPIC Learning Hub","description":"","publisher":{"@id":"https:\/\/rscj-jpic.org\/es\/#organization"},"potentialAction":[{"@type":"SearchAction","target":{"@type":"EntryPoint","urlTemplate":"https:\/\/rscj-jpic.org\/es\/?s={search_term_string}"},"query-input":{"@type":"PropertyValueSpecification","valueRequired":true,"valueName":"search_term_string"}}],"inLanguage":"fr-FR"},{"@type":"Organization","@id":"https:\/\/rscj-jpic.org\/es\/#organization","name":"JPIC","url":"https:\/\/rscj-jpic.org\/es\/","logo":{"@type":"ImageObject","inLanguage":"fr-FR","@id":"https:\/\/rscj-jpic.org\/es\/#\/schema\/logo\/image\/","url":"https:\/\/rscj-jpic.org\/wp-content\/uploads\/2025\/10\/rscj-jpic-logo-recolorise.png","contentUrl":"https:\/\/rscj-jpic.org\/wp-content\/uploads\/2025\/10\/rscj-jpic-logo-recolorise.png","width":125,"height":170,"caption":"JPIC"},"image":{"@id":"https:\/\/rscj-jpic.org\/es\/#\/schema\/logo\/image\/"},"sameAs":["https:\/\/www.facebook.com\/rscjpicinternational\/"]},{"@type":"Person","@id":"https:\/\/rscj-jpic.org\/es\/#\/schema\/person\/9b0e8dff1b77a0c1169c8916fede4d37","name":"adminjpiclh","image":{"@type":"ImageObject","inLanguage":"fr-FR","@id":"https:\/\/secure.gravatar.com\/avatar\/f774dec0de79f1f23532bbf1b7d1a2bd753e4621dca994555c7a05abf8da829a?s=96&d=mm&r=g","url":"https:\/\/secure.gravatar.com\/avatar\/f774dec0de79f1f23532bbf1b7d1a2bd753e4621dca994555c7a05abf8da829a?s=96&d=mm&r=g","contentUrl":"https:\/\/secure.gravatar.com\/avatar\/f774dec0de79f1f23532bbf1b7d1a2bd753e4621dca994555c7a05abf8da829a?s=96&d=mm&r=g","caption":"adminjpiclh"},"sameAs":["https:\/\/rscj-jpic.org"],"url":"https:\/\/rscj-jpic.org\/fr\/author\/adminjpiclh\/"}]}},"_links":{"self":[{"href":"https:\/\/rscj-jpic.org\/fr\/wp-json\/wp\/v2\/posts\/1973","targetHints":{"allow":["GET"]}}],"collection":[{"href":"https:\/\/rscj-jpic.org\/fr\/wp-json\/wp\/v2\/posts"}],"about":[{"href":"https:\/\/rscj-jpic.org\/fr\/wp-json\/wp\/v2\/types\/post"}],"author":[{"embeddable":true,"href":"https:\/\/rscj-jpic.org\/fr\/wp-json\/wp\/v2\/users\/1"}],"replies":[{"embeddable":true,"href":"https:\/\/rscj-jpic.org\/fr\/wp-json\/wp\/v2\/comments?post=1973"}],"version-history":[{"count":1,"href":"https:\/\/rscj-jpic.org\/fr\/wp-json\/wp\/v2\/posts\/1973\/revisions"}],"predecessor-version":[{"id":2017,"href":"https:\/\/rscj-jpic.org\/fr\/wp-json\/wp\/v2\/posts\/1973\/revisions\/2017"}],"wp:featuredmedia":[{"embeddable":true,"href":"https:\/\/rscj-jpic.org\/fr\/wp-json\/wp\/v2\/media\/1974"}],"wp:attachment":[{"href":"https:\/\/rscj-jpic.org\/fr\/wp-json\/wp\/v2\/media?parent=1973"}],"wp:term":[{"taxonomy":"category","embeddable":true,"href":"https:\/\/rscj-jpic.org\/fr\/wp-json\/wp\/v2\/categories?post=1973"},{"taxonomy":"post_tag","embeddable":true,"href":"https:\/\/rscj-jpic.org\/fr\/wp-json\/wp\/v2\/tags?post=1973"},{"taxonomy":"imperative","embeddable":true,"href":"https:\/\/rscj-jpic.org\/fr\/wp-json\/wp\/v2\/imperative?post=1973"}],"curies":[{"name":"wp","href":"https:\/\/api.w.org\/{rel}","templated":true}]}}