{"id":1745,"date":"2024-10-10T03:25:00","date_gmt":"2024-10-10T03:25:00","guid":{"rendered":"https:\/\/rscj-jpic.acck2.fr\/journee-internationale-de-la-fille-2024\/"},"modified":"2024-10-10T04:32:00","modified_gmt":"2024-10-10T04:32:00","slug":"journee-internationale-de-la-fille-2024","status":"publish","type":"post","link":"https:\/\/rscj-jpic.org\/fr\/journee-internationale-de-la-fille-2024\/","title":{"rendered":"Journ\u00e9e internationale de la fille 2024"},"content":{"rendered":"<p>Chers amis,<\/p>\n<p>\u00c0 l&rsquo;approche de la&nbsp;<strong>Journ\u00e9e Internationale de la Fille<\/strong>&nbsp;le&nbsp;<strong>11 octobre<\/strong>, je suis ravi de partager les activit\u00e9s qui auront lieu au si\u00e8ge des Nations Unies pendant les&nbsp;<strong>11 Jours d&rsquo;Action<\/strong>. Pour nos \u00e9coles participant cette ann\u00e9e, assurez-vous de revoir vos messages cl\u00e9s ainsi que ceux d&rsquo;autres \u00e9coles \u00e0 travers le monde.<\/p>\n<p><img decoding=\"async\" alt=\"\" data-align=\"center\" data-caption=\"&lt;em&gt;Image de Kev de Pixabay&lt;\/em&gt;\" data-file-id=\"4758\" src=\"\/wp-content\/uploads\/2021\/09\/child-balancing-4364579_1280.jpg\" width=\"400\" \/><\/p>\n<ul>\n<\/ul>\n<p>Pour participer \u00e0 la c\u00e9l\u00e9bration le&nbsp;<strong>11 octobre<\/strong>, veuillez utiliser ce lien :&nbsp;<a href=\"https:\/\/www.eventbrite.com\/e\/1029482187937?aff=oddtdtcreator\" rel=\"nofollow noopener\" target=\"_blank\">Lien vers l&rsquo;\u00e9v\u00e9nement<\/a>. La session commencera \u00e0&nbsp;<strong>10h00, heure de New York<\/strong>, suivie de sessions en petits groupes pour les laboratoires IDG. Un lien pour ces sessions sera partag\u00e9 avant vendredi.<\/p>\n<p>Vous pouvez \u00e9galement regarder la c\u00e9l\u00e9bration en direct sur&nbsp;<a href=\"https:\/\/webtv.un.org\/en\"><span class=\"underline\"><strong>UN WEB TV<\/strong><\/span><\/a>.<\/p>\n<p>De plus, les filles ont \u00e9t\u00e9 guid\u00e9es par le&nbsp;<strong>Groupe de Travail sur les Filles (WGG)<\/strong>&nbsp;pour r\u00e9diger une d\u00e9claration qui sera soumise \u00e0 la&nbsp;<strong>Commission sur le Statut des Femmes<\/strong>&nbsp;en mars 2025. Pour ceux qui sont int\u00e9ress\u00e9s par cette d\u00e9claration, veuillez consulter le document ci-joint. Pour les \u00e9coles int\u00e9ress\u00e9es \u00e0 participer l&rsquo;ann\u00e9e prochaine ou de mani\u00e8re r\u00e9guli\u00e8re, veuillez contacter Margaret \u00e0&nbsp;<a href=\"mailto:un-ngo@rscj.org\" rel=\"nofollow noopener\" target=\"_blank\">un-ngo@rscj.org<\/a>.<\/p>\n<p class=\"text-align-center\"><a data-file-id=\"4756\" href=\"\/files\/paragraphs\/attachments\/wgg_csw69writtenstatement_goa_1.pdf\"><span class=\"underline\"><strong>Lisez la d\u00e9claration ici. <\/strong><\/span>(en anglais uniquement)<\/a><\/p>\n<p>Meilleurs v\u0153ux,<br \/>\n<strong>Margaret Mwarili RSCJ<\/strong><br \/>\nBureau UN-NGO, NY<\/p>\n<p><span class=\"credit\">Vous pouvez interagir avec nous sur les r\u00e9seaux sociaux en utilisant les comptes suivants :<\/span><\/p>\n<ul>\n<li index=\"0\"><span class=\"credit\"><strong>Twitter<\/strong>:<\/span>\n<ul>\n<li index=\"0\"><span class=\"credit\"><a href=\"https:\/\/x.com\/NGOWGG\">@ngowgg<\/a><\/span><\/li>\n<li index=\"2\"><span class=\"credit\"><a href=\"https:\/\/x.com\/IDG_Summit\">@IDG_summit<\/a><\/span><\/li>\n<\/ul>\n<\/li>\n<li><span class=\"credit\"><strong>Instagram<\/strong>:<\/span>\n<ul>\n<li><span class=\"credit\"><a href=\"https:\/\/www.instagram.com\/ngowgg\/\">@ngowgg<\/a><\/span><\/li>\n<li><span class=\"credit\"><a href=\"https:\/\/www.instagram.com\/sacred_heart_at_the_un\/\">@sacredheartattheun<\/a><\/span><\/li>\n<li><span class=\"credit\"><a href=\"https:\/\/www.instagram.com\/dayofthegirlsummit\/\">@dayofthegirlsummit<\/a><\/span><\/li>\n<\/ul>\n<\/li>\n<\/ul>\n<p><span class=\"credit\"><strong>Hashtags to Use<\/strong>:<\/span><\/p>\n<ul>\n<li index=\"0\"><span class=\"credit\">#IDG2024<\/span><\/li>\n<li index=\"1\"><span class=\"credit\">#DayoftheGirl<\/span><\/li>\n<li index=\"2\"><span class=\"credit\">#DGxWGG<\/span><\/li>\n<li index=\"3\"><span class=\"credit\">#GirlsRightsNow!<\/span><\/li>\n<li index=\"4\"><span class=\"credit\">#11DaysofAction<\/span><\/li>\n<li index=\"5\"><span class=\"credit\">#GirlsVision4Future<\/span><\/li>\n<li index=\"6\"><span class=\"credit\">#ActionforGirlsRights<\/span><\/li>\n<\/ul>\n","protected":false},"excerpt":{"rendered":"<p>Chers amis, \u00c0 l&rsquo;approche de la&nbsp;Journ\u00e9e Internationale de la Fille&nbsp;le&nbsp;11  [&#8230;]<\/p>\n","protected":false},"author":1,"featured_media":5734,"comment_status":"closed","ping_status":"open","sticky":false,"template":"","format":"standard","meta":{"_acf_changed":false,"_price":"","_stock":"","_tribe_ticket_header":"","_tribe_default_ticket_provider":"","_tribe_ticket_capacity":"","_ticket_start_date":"","_ticket_end_date":"","_tribe_ticket_show_description":"","_tribe_ticket_show_not_going":false,"_tribe_ticket_use_global_stock":"","_tribe_ticket_global_stock_level":"","_global_stock_mode":"","_global_stock_cap":"","_tribe_rsvp_for_event":"","_tribe_ticket_going_count":"","_tribe_ticket_not_going_count":"","_tribe_tickets_list":"[]","_tribe_ticket_has_attendee_info_fields":false,"footnotes":""},"categories":[108,127],"tags":[],"imperative":[],"class_list":["post-1745","post","type-post","status-publish","format-standard","has-post-thumbnail","hentry","category-agir","category-journee-des-ong-de-lonu-pour-les-filles"],"acf":[],"yoast_head":"<!-- This site is optimized with the Yoast SEO plugin v27.5 - https:\/\/yoast.com\/product\/yoast-seo-wordpress\/ -->\n<title>Journ\u00e9e internationale de la fille 2024 - JPIC Learning Hub<\/title>\n<meta name=\"robots\" content=\"index, follow, max-snippet:-1, max-image-preview:large, max-video-preview:-1\" \/>\n<link rel=\"canonical\" href=\"https:\/\/rscj-jpic.org\/fr\/journee-internationale-de-la-fille-2024\/\" \/>\n<meta property=\"og:locale\" content=\"fr_FR\" \/>\n<meta property=\"og:type\" content=\"article\" \/>\n<meta property=\"og:title\" content=\"Journ\u00e9e internationale de la fille 2024 - JPIC Learning Hub\" \/>\n<meta property=\"og:description\" content=\"Chers amis, \u00c0 l&rsquo;approche de la&nbsp;Journ\u00e9e Internationale de la Fille&nbsp;le&nbsp;11 [...]\" \/>\n<meta property=\"og:url\" content=\"https:\/\/rscj-jpic.org\/fr\/journee-internationale-de-la-fille-2024\/\" \/>\n<meta property=\"og:site_name\" content=\"JPIC Learning Hub\" \/>\n<meta property=\"article:publisher\" content=\"https:\/\/www.facebook.com\/rscjpicinternational\/\" \/>\n<meta property=\"article:published_time\" content=\"2024-10-10T03:25:00+00:00\" \/>\n<meta property=\"article:modified_time\" content=\"2024-10-10T04:32:00+00:00\" \/>\n<meta property=\"og:image\" content=\"https:\/\/rscj-jpic.org\/wp-content\/uploads\/2024\/10\/child-balancing-4364579_1280.jpg\" \/>\n\t<meta property=\"og:image:width\" content=\"1280\" \/>\n\t<meta property=\"og:image:height\" content=\"851\" \/>\n\t<meta property=\"og:image:type\" content=\"image\/jpeg\" \/>\n<meta name=\"author\" content=\"adminjpiclh\" \/>\n<meta name=\"twitter:card\" content=\"summary_large_image\" \/>\n<meta name=\"twitter:label1\" content=\"\u00c9crit par\" \/>\n\t<meta name=\"twitter:data1\" content=\"adminjpiclh\" \/>\n\t<meta name=\"twitter:label2\" content=\"Dur\u00e9e de lecture estim\u00e9e\" \/>\n\t<meta name=\"twitter:data2\" content=\"1 minute\" \/>\n<script type=\"application\/ld+json\" class=\"yoast-schema-graph\">{\"@context\":\"https:\\\/\\\/schema.org\",\"@graph\":[{\"@type\":\"Article\",\"@id\":\"https:\\\/\\\/rscj-jpic.org\\\/fr\\\/journee-internationale-de-la-fille-2024\\\/#article\",\"isPartOf\":{\"@id\":\"https:\\\/\\\/rscj-jpic.org\\\/fr\\\/journee-internationale-de-la-fille-2024\\\/\"},\"author\":{\"name\":\"adminjpiclh\",\"@id\":\"https:\\\/\\\/rscj-jpic.org\\\/es\\\/#\\\/schema\\\/person\\\/9b0e8dff1b77a0c1169c8916fede4d37\"},\"headline\":\"Journ\u00e9e internationale de la fille 2024\",\"datePublished\":\"2024-10-10T03:25:00+00:00\",\"dateModified\":\"2024-10-10T04:32:00+00:00\",\"mainEntityOfPage\":{\"@id\":\"https:\\\/\\\/rscj-jpic.org\\\/fr\\\/journee-internationale-de-la-fille-2024\\\/\"},\"wordCount\":262,\"publisher\":{\"@id\":\"https:\\\/\\\/rscj-jpic.org\\\/es\\\/#organization\"},\"image\":{\"@id\":\"https:\\\/\\\/rscj-jpic.org\\\/fr\\\/journee-internationale-de-la-fille-2024\\\/#primaryimage\"},\"thumbnailUrl\":\"https:\\\/\\\/rscj-jpic.org\\\/wp-content\\\/uploads\\\/2024\\\/10\\\/child-balancing-4364579_1280.jpg\",\"articleSection\":[\"Agir\",\"Journ\u00e9e des ONG de l\u2019ONU pour les filles\"],\"inLanguage\":\"fr-FR\"},{\"@type\":\"WebPage\",\"@id\":\"https:\\\/\\\/rscj-jpic.org\\\/fr\\\/journee-internationale-de-la-fille-2024\\\/\",\"url\":\"https:\\\/\\\/rscj-jpic.org\\\/fr\\\/journee-internationale-de-la-fille-2024\\\/\",\"name\":\"Journ\u00e9e internationale de la fille 2024 - JPIC Learning Hub\",\"isPartOf\":{\"@id\":\"https:\\\/\\\/rscj-jpic.org\\\/es\\\/#website\"},\"primaryImageOfPage\":{\"@id\":\"https:\\\/\\\/rscj-jpic.org\\\/fr\\\/journee-internationale-de-la-fille-2024\\\/#primaryimage\"},\"image\":{\"@id\":\"https:\\\/\\\/rscj-jpic.org\\\/fr\\\/journee-internationale-de-la-fille-2024\\\/#primaryimage\"},\"thumbnailUrl\":\"https:\\\/\\\/rscj-jpic.org\\\/wp-content\\\/uploads\\\/2024\\\/10\\\/child-balancing-4364579_1280.jpg\",\"datePublished\":\"2024-10-10T03:25:00+00:00\",\"dateModified\":\"2024-10-10T04:32:00+00:00\",\"breadcrumb\":{\"@id\":\"https:\\\/\\\/rscj-jpic.org\\\/fr\\\/journee-internationale-de-la-fille-2024\\\/#breadcrumb\"},\"inLanguage\":\"fr-FR\",\"potentialAction\":[{\"@type\":\"ReadAction\",\"target\":[\"https:\\\/\\\/rscj-jpic.org\\\/fr\\\/journee-internationale-de-la-fille-2024\\\/\"]}]},{\"@type\":\"ImageObject\",\"inLanguage\":\"fr-FR\",\"@id\":\"https:\\\/\\\/rscj-jpic.org\\\/fr\\\/journee-internationale-de-la-fille-2024\\\/#primaryimage\",\"url\":\"https:\\\/\\\/rscj-jpic.org\\\/wp-content\\\/uploads\\\/2024\\\/10\\\/child-balancing-4364579_1280.jpg\",\"contentUrl\":\"https:\\\/\\\/rscj-jpic.org\\\/wp-content\\\/uploads\\\/2024\\\/10\\\/child-balancing-4364579_1280.jpg\",\"width\":1280,\"height\":851},{\"@type\":\"BreadcrumbList\",\"@id\":\"https:\\\/\\\/rscj-jpic.org\\\/fr\\\/journee-internationale-de-la-fille-2024\\\/#breadcrumb\",\"itemListElement\":[{\"@type\":\"ListItem\",\"position\":1,\"name\":\"Home\",\"item\":\"https:\\\/\\\/rscj-jpic.org\\\/fr\\\/\"},{\"@type\":\"ListItem\",\"position\":2,\"name\":\"Journ\u00e9e internationale de la fille 2024\"}]},{\"@type\":\"WebSite\",\"@id\":\"https:\\\/\\\/rscj-jpic.org\\\/es\\\/#website\",\"url\":\"https:\\\/\\\/rscj-jpic.org\\\/es\\\/\",\"name\":\"JPIC Learning Hub\",\"description\":\"\",\"publisher\":{\"@id\":\"https:\\\/\\\/rscj-jpic.org\\\/es\\\/#organization\"},\"potentialAction\":[{\"@type\":\"SearchAction\",\"target\":{\"@type\":\"EntryPoint\",\"urlTemplate\":\"https:\\\/\\\/rscj-jpic.org\\\/es\\\/?s={search_term_string}\"},\"query-input\":{\"@type\":\"PropertyValueSpecification\",\"valueRequired\":true,\"valueName\":\"search_term_string\"}}],\"inLanguage\":\"fr-FR\"},{\"@type\":\"Organization\",\"@id\":\"https:\\\/\\\/rscj-jpic.org\\\/es\\\/#organization\",\"name\":\"JPIC\",\"url\":\"https:\\\/\\\/rscj-jpic.org\\\/es\\\/\",\"logo\":{\"@type\":\"ImageObject\",\"inLanguage\":\"fr-FR\",\"@id\":\"https:\\\/\\\/rscj-jpic.org\\\/es\\\/#\\\/schema\\\/logo\\\/image\\\/\",\"url\":\"https:\\\/\\\/rscj-jpic.org\\\/wp-content\\\/uploads\\\/2025\\\/10\\\/rscj-jpic-logo-recolorise.png\",\"contentUrl\":\"https:\\\/\\\/rscj-jpic.org\\\/wp-content\\\/uploads\\\/2025\\\/10\\\/rscj-jpic-logo-recolorise.png\",\"width\":125,\"height\":170,\"caption\":\"JPIC\"},\"image\":{\"@id\":\"https:\\\/\\\/rscj-jpic.org\\\/es\\\/#\\\/schema\\\/logo\\\/image\\\/\"},\"sameAs\":[\"https:\\\/\\\/www.facebook.com\\\/rscjpicinternational\\\/\"]},{\"@type\":\"Person\",\"@id\":\"https:\\\/\\\/rscj-jpic.org\\\/es\\\/#\\\/schema\\\/person\\\/9b0e8dff1b77a0c1169c8916fede4d37\",\"name\":\"adminjpiclh\",\"image\":{\"@type\":\"ImageObject\",\"inLanguage\":\"fr-FR\",\"@id\":\"https:\\\/\\\/secure.gravatar.com\\\/avatar\\\/f774dec0de79f1f23532bbf1b7d1a2bd753e4621dca994555c7a05abf8da829a?s=96&d=mm&r=g\",\"url\":\"https:\\\/\\\/secure.gravatar.com\\\/avatar\\\/f774dec0de79f1f23532bbf1b7d1a2bd753e4621dca994555c7a05abf8da829a?s=96&d=mm&r=g\",\"contentUrl\":\"https:\\\/\\\/secure.gravatar.com\\\/avatar\\\/f774dec0de79f1f23532bbf1b7d1a2bd753e4621dca994555c7a05abf8da829a?s=96&d=mm&r=g\",\"caption\":\"adminjpiclh\"},\"sameAs\":[\"https:\\\/\\\/rscj-jpic.org\"],\"url\":\"https:\\\/\\\/rscj-jpic.org\\\/fr\\\/author\\\/adminjpiclh\\\/\"}]}<\/script>\n<!-- \/ Yoast SEO plugin. -->","yoast_head_json":{"title":"Journ\u00e9e internationale de la fille 2024 - JPIC Learning Hub","robots":{"index":"index","follow":"follow","max-snippet":"max-snippet:-1","max-image-preview":"max-image-preview:large","max-video-preview":"max-video-preview:-1"},"canonical":"https:\/\/rscj-jpic.org\/fr\/journee-internationale-de-la-fille-2024\/","og_locale":"fr_FR","og_type":"article","og_title":"Journ\u00e9e internationale de la fille 2024 - JPIC Learning Hub","og_description":"Chers amis, \u00c0 l&rsquo;approche de la&nbsp;Journ\u00e9e Internationale de la Fille&nbsp;le&nbsp;11 [...]","og_url":"https:\/\/rscj-jpic.org\/fr\/journee-internationale-de-la-fille-2024\/","og_site_name":"JPIC Learning Hub","article_publisher":"https:\/\/www.facebook.com\/rscjpicinternational\/","article_published_time":"2024-10-10T03:25:00+00:00","article_modified_time":"2024-10-10T04:32:00+00:00","og_image":[{"width":1280,"height":851,"url":"https:\/\/rscj-jpic.org\/wp-content\/uploads\/2024\/10\/child-balancing-4364579_1280.jpg","type":"image\/jpeg"}],"author":"adminjpiclh","twitter_card":"summary_large_image","twitter_misc":{"\u00c9crit par":"adminjpiclh","Dur\u00e9e de lecture estim\u00e9e":"1 minute"},"schema":{"@context":"https:\/\/schema.org","@graph":[{"@type":"Article","@id":"https:\/\/rscj-jpic.org\/fr\/journee-internationale-de-la-fille-2024\/#article","isPartOf":{"@id":"https:\/\/rscj-jpic.org\/fr\/journee-internationale-de-la-fille-2024\/"},"author":{"name":"adminjpiclh","@id":"https:\/\/rscj-jpic.org\/es\/#\/schema\/person\/9b0e8dff1b77a0c1169c8916fede4d37"},"headline":"Journ\u00e9e internationale de la fille 2024","datePublished":"2024-10-10T03:25:00+00:00","dateModified":"2024-10-10T04:32:00+00:00","mainEntityOfPage":{"@id":"https:\/\/rscj-jpic.org\/fr\/journee-internationale-de-la-fille-2024\/"},"wordCount":262,"publisher":{"@id":"https:\/\/rscj-jpic.org\/es\/#organization"},"image":{"@id":"https:\/\/rscj-jpic.org\/fr\/journee-internationale-de-la-fille-2024\/#primaryimage"},"thumbnailUrl":"https:\/\/rscj-jpic.org\/wp-content\/uploads\/2024\/10\/child-balancing-4364579_1280.jpg","articleSection":["Agir","Journ\u00e9e des ONG de l\u2019ONU pour les filles"],"inLanguage":"fr-FR"},{"@type":"WebPage","@id":"https:\/\/rscj-jpic.org\/fr\/journee-internationale-de-la-fille-2024\/","url":"https:\/\/rscj-jpic.org\/fr\/journee-internationale-de-la-fille-2024\/","name":"Journ\u00e9e internationale de la fille 2024 - JPIC Learning Hub","isPartOf":{"@id":"https:\/\/rscj-jpic.org\/es\/#website"},"primaryImageOfPage":{"@id":"https:\/\/rscj-jpic.org\/fr\/journee-internationale-de-la-fille-2024\/#primaryimage"},"image":{"@id":"https:\/\/rscj-jpic.org\/fr\/journee-internationale-de-la-fille-2024\/#primaryimage"},"thumbnailUrl":"https:\/\/rscj-jpic.org\/wp-content\/uploads\/2024\/10\/child-balancing-4364579_1280.jpg","datePublished":"2024-10-10T03:25:00+00:00","dateModified":"2024-10-10T04:32:00+00:00","breadcrumb":{"@id":"https:\/\/rscj-jpic.org\/fr\/journee-internationale-de-la-fille-2024\/#breadcrumb"},"inLanguage":"fr-FR","potentialAction":[{"@type":"ReadAction","target":["https:\/\/rscj-jpic.org\/fr\/journee-internationale-de-la-fille-2024\/"]}]},{"@type":"ImageObject","inLanguage":"fr-FR","@id":"https:\/\/rscj-jpic.org\/fr\/journee-internationale-de-la-fille-2024\/#primaryimage","url":"https:\/\/rscj-jpic.org\/wp-content\/uploads\/2024\/10\/child-balancing-4364579_1280.jpg","contentUrl":"https:\/\/rscj-jpic.org\/wp-content\/uploads\/2024\/10\/child-balancing-4364579_1280.jpg","width":1280,"height":851},{"@type":"BreadcrumbList","@id":"https:\/\/rscj-jpic.org\/fr\/journee-internationale-de-la-fille-2024\/#breadcrumb","itemListElement":[{"@type":"ListItem","position":1,"name":"Home","item":"https:\/\/rscj-jpic.org\/fr\/"},{"@type":"ListItem","position":2,"name":"Journ\u00e9e internationale de la fille 2024"}]},{"@type":"WebSite","@id":"https:\/\/rscj-jpic.org\/es\/#website","url":"https:\/\/rscj-jpic.org\/es\/","name":"JPIC Learning Hub","description":"","publisher":{"@id":"https:\/\/rscj-jpic.org\/es\/#organization"},"potentialAction":[{"@type":"SearchAction","target":{"@type":"EntryPoint","urlTemplate":"https:\/\/rscj-jpic.org\/es\/?s={search_term_string}"},"query-input":{"@type":"PropertyValueSpecification","valueRequired":true,"valueName":"search_term_string"}}],"inLanguage":"fr-FR"},{"@type":"Organization","@id":"https:\/\/rscj-jpic.org\/es\/#organization","name":"JPIC","url":"https:\/\/rscj-jpic.org\/es\/","logo":{"@type":"ImageObject","inLanguage":"fr-FR","@id":"https:\/\/rscj-jpic.org\/es\/#\/schema\/logo\/image\/","url":"https:\/\/rscj-jpic.org\/wp-content\/uploads\/2025\/10\/rscj-jpic-logo-recolorise.png","contentUrl":"https:\/\/rscj-jpic.org\/wp-content\/uploads\/2025\/10\/rscj-jpic-logo-recolorise.png","width":125,"height":170,"caption":"JPIC"},"image":{"@id":"https:\/\/rscj-jpic.org\/es\/#\/schema\/logo\/image\/"},"sameAs":["https:\/\/www.facebook.com\/rscjpicinternational\/"]},{"@type":"Person","@id":"https:\/\/rscj-jpic.org\/es\/#\/schema\/person\/9b0e8dff1b77a0c1169c8916fede4d37","name":"adminjpiclh","image":{"@type":"ImageObject","inLanguage":"fr-FR","@id":"https:\/\/secure.gravatar.com\/avatar\/f774dec0de79f1f23532bbf1b7d1a2bd753e4621dca994555c7a05abf8da829a?s=96&d=mm&r=g","url":"https:\/\/secure.gravatar.com\/avatar\/f774dec0de79f1f23532bbf1b7d1a2bd753e4621dca994555c7a05abf8da829a?s=96&d=mm&r=g","contentUrl":"https:\/\/secure.gravatar.com\/avatar\/f774dec0de79f1f23532bbf1b7d1a2bd753e4621dca994555c7a05abf8da829a?s=96&d=mm&r=g","caption":"adminjpiclh"},"sameAs":["https:\/\/rscj-jpic.org"],"url":"https:\/\/rscj-jpic.org\/fr\/author\/adminjpiclh\/"}]}},"_links":{"self":[{"href":"https:\/\/rscj-jpic.org\/fr\/wp-json\/wp\/v2\/posts\/1745","targetHints":{"allow":["GET"]}}],"collection":[{"href":"https:\/\/rscj-jpic.org\/fr\/wp-json\/wp\/v2\/posts"}],"about":[{"href":"https:\/\/rscj-jpic.org\/fr\/wp-json\/wp\/v2\/types\/post"}],"author":[{"embeddable":true,"href":"https:\/\/rscj-jpic.org\/fr\/wp-json\/wp\/v2\/users\/1"}],"replies":[{"embeddable":true,"href":"https:\/\/rscj-jpic.org\/fr\/wp-json\/wp\/v2\/comments?post=1745"}],"version-history":[{"count":0,"href":"https:\/\/rscj-jpic.org\/fr\/wp-json\/wp\/v2\/posts\/1745\/revisions"}],"wp:featuredmedia":[{"embeddable":true,"href":"https:\/\/rscj-jpic.org\/fr\/wp-json\/wp\/v2\/media\/5734"}],"wp:attachment":[{"href":"https:\/\/rscj-jpic.org\/fr\/wp-json\/wp\/v2\/media?parent=1745"}],"wp:term":[{"taxonomy":"category","embeddable":true,"href":"https:\/\/rscj-jpic.org\/fr\/wp-json\/wp\/v2\/categories?post=1745"},{"taxonomy":"post_tag","embeddable":true,"href":"https:\/\/rscj-jpic.org\/fr\/wp-json\/wp\/v2\/tags?post=1745"},{"taxonomy":"imperative","embeddable":true,"href":"https:\/\/rscj-jpic.org\/fr\/wp-json\/wp\/v2\/imperative?post=1745"}],"curies":[{"name":"wp","href":"https:\/\/api.w.org\/{rel}","templated":true}]}}