{"id":10918,"date":"2026-02-18T23:54:15","date_gmt":"2026-02-18T23:54:15","guid":{"rendered":"https:\/\/rscj-jpic.org\/?p=10918"},"modified":"2026-02-18T23:54:15","modified_gmt":"2026-02-18T23:54:15","slug":"guide-de-priere-jpic-premier-dimanche-de-careme-2026","status":"publish","type":"post","link":"https:\/\/rscj-jpic.org\/fr\/guide-de-priere-jpic-premier-dimanche-de-careme-2026\/","title":{"rendered":"Guide de pri\u00e8re JPIC &#8211; Premier dimanche de Car\u00eame 2026"},"content":{"rendered":"<p>Pour ce temps de Car\u00eame, nos guides de pri\u00e8re seront pr\u00e9par\u00e9s par le R\u00e9seau d&rsquo;\u00e9ducation populaire. Ces guides nous invitent \u00e0 \u00ab <em>\u00e9couter la voix de notre peuple<\/em> \u00bb.<\/p>\n<p>Ce premier guide, \u00e9labor\u00e9 par notre s\u0153ur br\u00e9silienne Iris da Silva RSCJ, qui \u0153uvre au P\u00e9rou, nous appelle \u00e0 rejoindre J\u00e9sus dans le d\u00e9sert, \u00e0 affronter les tentations modernes et \u00e0 amplifier les appels \u00e0 la justice, \u00e0 la paix et \u00e0 la solidarit\u00e9.<\/p>\n<p style=\"text-align: center;\">Cliquez ici pour consulter et t\u00e9l\u00e9charger le guide de pri\u00e8re : <strong><a href=\"https:\/\/rscj-jpic.org\/wp-content\/uploads\/2026\/02\/Premier-dimanche-de-Careme-2026.pdf\">Premier dimanche de Car\u00eame 2026<\/a><\/strong><\/p>\n","protected":false},"excerpt":{"rendered":"<p>Pour ce temps de Car\u00eame, nos guides de pri\u00e8re seront  [&#8230;]<\/p>\n","protected":false},"author":2,"featured_media":10922,"comment_status":"closed","ping_status":"closed","sticky":false,"template":"","format":"standard","meta":{"_acf_changed":false,"_price":"","_stock":"","_tribe_ticket_header":"","_tribe_default_ticket_provider":"","_tribe_ticket_capacity":"","_ticket_start_date":"","_ticket_end_date":"","_tribe_ticket_show_description":"","_tribe_ticket_show_not_going":false,"_tribe_ticket_use_global_stock":"","_tribe_ticket_global_stock_level":"","_global_stock_mode":"","_global_stock_cap":"","_tribe_rsvp_for_event":"","_tribe_ticket_going_count":"","_tribe_ticket_not_going_count":"","_tribe_tickets_list":"[]","_tribe_ticket_has_attendee_info_fields":false,"footnotes":""},"categories":[156,153],"tags":[],"imperative":[],"class_list":["post-10918","post","type-post","status-publish","format-standard","has-post-thumbnail","hentry","category-guides-de-priere-jpic-avent-careme","category-prier"],"acf":[],"yoast_head":"<!-- This site is optimized with the Yoast SEO plugin v27.2 - https:\/\/yoast.com\/product\/yoast-seo-wordpress\/ -->\n<title>Guide de pri\u00e8re JPIC - Premier dimanche de Car\u00eame 2026 - JPIC Learning Hub<\/title>\n<meta name=\"robots\" content=\"index, follow, max-snippet:-1, max-image-preview:large, max-video-preview:-1\" \/>\n<link rel=\"canonical\" href=\"https:\/\/rscj-jpic.org\/fr\/guide-de-priere-jpic-premier-dimanche-de-careme-2026\/\" \/>\n<meta property=\"og:locale\" content=\"fr_FR\" \/>\n<meta property=\"og:type\" content=\"article\" \/>\n<meta property=\"og:title\" content=\"Guide de pri\u00e8re JPIC - Premier dimanche de Car\u00eame 2026 - JPIC Learning Hub\" \/>\n<meta property=\"og:description\" content=\"Pour ce temps de Car\u00eame, nos guides de pri\u00e8re seront [...]\" \/>\n<meta property=\"og:url\" content=\"https:\/\/rscj-jpic.org\/fr\/guide-de-priere-jpic-premier-dimanche-de-careme-2026\/\" \/>\n<meta property=\"og:site_name\" content=\"JPIC Learning Hub\" \/>\n<meta property=\"article:publisher\" content=\"https:\/\/www.facebook.com\/rscjpicinternational\/\" \/>\n<meta property=\"article:published_time\" content=\"2026-02-18T23:54:15+00:00\" \/>\n<meta property=\"og:image\" content=\"https:\/\/rscj-jpic.org\/wp-content\/uploads\/2026\/02\/Screenshot-2026-02-19-at-12.42.04-AM.png\" \/>\n\t<meta property=\"og:image:width\" content=\"1649\" \/>\n\t<meta property=\"og:image:height\" content=\"978\" \/>\n\t<meta property=\"og:image:type\" content=\"image\/png\" \/>\n<meta name=\"author\" content=\"Rena Bersola\" \/>\n<meta name=\"twitter:card\" content=\"summary_large_image\" \/>\n<meta name=\"twitter:label1\" content=\"\u00c9crit par\" \/>\n\t<meta name=\"twitter:data1\" content=\"Rena Bersola\" \/>\n\t<meta name=\"twitter:label2\" content=\"Dur\u00e9e de lecture estim\u00e9e\" \/>\n\t<meta name=\"twitter:data2\" content=\"1 minute\" \/>\n<script type=\"application\/ld+json\" class=\"yoast-schema-graph\">{\"@context\":\"https:\/\/schema.org\",\"@graph\":[{\"@type\":\"Article\",\"@id\":\"https:\/\/rscj-jpic.org\/fr\/guide-de-priere-jpic-premier-dimanche-de-careme-2026\/#article\",\"isPartOf\":{\"@id\":\"https:\/\/rscj-jpic.org\/fr\/guide-de-priere-jpic-premier-dimanche-de-careme-2026\/\"},\"author\":{\"name\":\"Rena Bersola\",\"@id\":\"https:\/\/rscj-jpic.org\/es\/#\/schema\/person\/91cf18e597ebaf2db9c736990c8e8c18\"},\"headline\":\"Guide de pri\u00e8re JPIC &#8211; Premier dimanche de Car\u00eame 2026\",\"datePublished\":\"2026-02-18T23:54:15+00:00\",\"mainEntityOfPage\":{\"@id\":\"https:\/\/rscj-jpic.org\/fr\/guide-de-priere-jpic-premier-dimanche-de-careme-2026\/\"},\"wordCount\":104,\"publisher\":{\"@id\":\"https:\/\/rscj-jpic.org\/es\/#organization\"},\"image\":{\"@id\":\"https:\/\/rscj-jpic.org\/fr\/guide-de-priere-jpic-premier-dimanche-de-careme-2026\/#primaryimage\"},\"thumbnailUrl\":\"https:\/\/rscj-jpic.org\/wp-content\/uploads\/2026\/02\/Screenshot-2026-02-19-at-12.42.04-AM.png\",\"articleSection\":[\"Guides de pri\u00e8re JPIC (Avent - Car\u00eame)\",\"prier\"],\"inLanguage\":\"fr-FR\"},{\"@type\":\"WebPage\",\"@id\":\"https:\/\/rscj-jpic.org\/fr\/guide-de-priere-jpic-premier-dimanche-de-careme-2026\/\",\"url\":\"https:\/\/rscj-jpic.org\/fr\/guide-de-priere-jpic-premier-dimanche-de-careme-2026\/\",\"name\":\"Guide de pri\u00e8re JPIC - Premier dimanche de Car\u00eame 2026 - JPIC Learning Hub\",\"isPartOf\":{\"@id\":\"https:\/\/rscj-jpic.org\/es\/#website\"},\"primaryImageOfPage\":{\"@id\":\"https:\/\/rscj-jpic.org\/fr\/guide-de-priere-jpic-premier-dimanche-de-careme-2026\/#primaryimage\"},\"image\":{\"@id\":\"https:\/\/rscj-jpic.org\/fr\/guide-de-priere-jpic-premier-dimanche-de-careme-2026\/#primaryimage\"},\"thumbnailUrl\":\"https:\/\/rscj-jpic.org\/wp-content\/uploads\/2026\/02\/Screenshot-2026-02-19-at-12.42.04-AM.png\",\"datePublished\":\"2026-02-18T23:54:15+00:00\",\"breadcrumb\":{\"@id\":\"https:\/\/rscj-jpic.org\/fr\/guide-de-priere-jpic-premier-dimanche-de-careme-2026\/#breadcrumb\"},\"inLanguage\":\"fr-FR\",\"potentialAction\":[{\"@type\":\"ReadAction\",\"target\":[\"https:\/\/rscj-jpic.org\/fr\/guide-de-priere-jpic-premier-dimanche-de-careme-2026\/\"]}]},{\"@type\":\"ImageObject\",\"inLanguage\":\"fr-FR\",\"@id\":\"https:\/\/rscj-jpic.org\/fr\/guide-de-priere-jpic-premier-dimanche-de-careme-2026\/#primaryimage\",\"url\":\"https:\/\/rscj-jpic.org\/wp-content\/uploads\/2026\/02\/Screenshot-2026-02-19-at-12.42.04-AM.png\",\"contentUrl\":\"https:\/\/rscj-jpic.org\/wp-content\/uploads\/2026\/02\/Screenshot-2026-02-19-at-12.42.04-AM.png\",\"width\":1649,\"height\":978},{\"@type\":\"BreadcrumbList\",\"@id\":\"https:\/\/rscj-jpic.org\/fr\/guide-de-priere-jpic-premier-dimanche-de-careme-2026\/#breadcrumb\",\"itemListElement\":[{\"@type\":\"ListItem\",\"position\":1,\"name\":\"Home\",\"item\":\"https:\/\/rscj-jpic.org\/fr\/\"},{\"@type\":\"ListItem\",\"position\":2,\"name\":\"Guide de pri\u00e8re JPIC &#8211; Premier dimanche de Car\u00eame 2026\"}]},{\"@type\":\"WebSite\",\"@id\":\"https:\/\/rscj-jpic.org\/es\/#website\",\"url\":\"https:\/\/rscj-jpic.org\/es\/\",\"name\":\"JPIC Learning Hub\",\"description\":\"\",\"publisher\":{\"@id\":\"https:\/\/rscj-jpic.org\/es\/#organization\"},\"potentialAction\":[{\"@type\":\"SearchAction\",\"target\":{\"@type\":\"EntryPoint\",\"urlTemplate\":\"https:\/\/rscj-jpic.org\/es\/?s={search_term_string}\"},\"query-input\":{\"@type\":\"PropertyValueSpecification\",\"valueRequired\":true,\"valueName\":\"search_term_string\"}}],\"inLanguage\":\"fr-FR\"},{\"@type\":\"Organization\",\"@id\":\"https:\/\/rscj-jpic.org\/es\/#organization\",\"name\":\"JPIC\",\"url\":\"https:\/\/rscj-jpic.org\/es\/\",\"logo\":{\"@type\":\"ImageObject\",\"inLanguage\":\"fr-FR\",\"@id\":\"https:\/\/rscj-jpic.org\/es\/#\/schema\/logo\/image\/\",\"url\":\"https:\/\/rscj-jpic.org\/wp-content\/uploads\/2025\/10\/rscj-jpic-logo-recolorise.png\",\"contentUrl\":\"https:\/\/rscj-jpic.org\/wp-content\/uploads\/2025\/10\/rscj-jpic-logo-recolorise.png\",\"width\":125,\"height\":170,\"caption\":\"JPIC\"},\"image\":{\"@id\":\"https:\/\/rscj-jpic.org\/es\/#\/schema\/logo\/image\/\"},\"sameAs\":[\"https:\/\/www.facebook.com\/rscjpicinternational\/\"]},{\"@type\":\"Person\",\"@id\":\"https:\/\/rscj-jpic.org\/es\/#\/schema\/person\/91cf18e597ebaf2db9c736990c8e8c18\",\"name\":\"Rena Bersola\",\"image\":{\"@type\":\"ImageObject\",\"inLanguage\":\"fr-FR\",\"@id\":\"https:\/\/secure.gravatar.com\/avatar\/895b6c9adc0617d7aa6550a605637c2a34e626d485337ddccf65525ef6f16db2?s=96&d=mm&r=g\",\"url\":\"https:\/\/secure.gravatar.com\/avatar\/895b6c9adc0617d7aa6550a605637c2a34e626d485337ddccf65525ef6f16db2?s=96&d=mm&r=g\",\"contentUrl\":\"https:\/\/secure.gravatar.com\/avatar\/895b6c9adc0617d7aa6550a605637c2a34e626d485337ddccf65525ef6f16db2?s=96&d=mm&r=g\",\"caption\":\"Rena Bersola\"},\"url\":\"https:\/\/rscj-jpic.org\/fr\/author\/rena\/\"}]}<\/script>\n<!-- \/ Yoast SEO plugin. -->","yoast_head_json":{"title":"Guide de pri\u00e8re JPIC - Premier dimanche de Car\u00eame 2026 - JPIC Learning Hub","robots":{"index":"index","follow":"follow","max-snippet":"max-snippet:-1","max-image-preview":"max-image-preview:large","max-video-preview":"max-video-preview:-1"},"canonical":"https:\/\/rscj-jpic.org\/fr\/guide-de-priere-jpic-premier-dimanche-de-careme-2026\/","og_locale":"fr_FR","og_type":"article","og_title":"Guide de pri\u00e8re JPIC - Premier dimanche de Car\u00eame 2026 - JPIC Learning Hub","og_description":"Pour ce temps de Car\u00eame, nos guides de pri\u00e8re seront [...]","og_url":"https:\/\/rscj-jpic.org\/fr\/guide-de-priere-jpic-premier-dimanche-de-careme-2026\/","og_site_name":"JPIC Learning Hub","article_publisher":"https:\/\/www.facebook.com\/rscjpicinternational\/","article_published_time":"2026-02-18T23:54:15+00:00","og_image":[{"width":1649,"height":978,"url":"https:\/\/rscj-jpic.org\/wp-content\/uploads\/2026\/02\/Screenshot-2026-02-19-at-12.42.04-AM.png","type":"image\/png"}],"author":"Rena Bersola","twitter_card":"summary_large_image","twitter_misc":{"\u00c9crit par":"Rena Bersola","Dur\u00e9e de lecture estim\u00e9e":"1 minute"},"schema":{"@context":"https:\/\/schema.org","@graph":[{"@type":"Article","@id":"https:\/\/rscj-jpic.org\/fr\/guide-de-priere-jpic-premier-dimanche-de-careme-2026\/#article","isPartOf":{"@id":"https:\/\/rscj-jpic.org\/fr\/guide-de-priere-jpic-premier-dimanche-de-careme-2026\/"},"author":{"name":"Rena Bersola","@id":"https:\/\/rscj-jpic.org\/es\/#\/schema\/person\/91cf18e597ebaf2db9c736990c8e8c18"},"headline":"Guide de pri\u00e8re JPIC &#8211; Premier dimanche de Car\u00eame 2026","datePublished":"2026-02-18T23:54:15+00:00","mainEntityOfPage":{"@id":"https:\/\/rscj-jpic.org\/fr\/guide-de-priere-jpic-premier-dimanche-de-careme-2026\/"},"wordCount":104,"publisher":{"@id":"https:\/\/rscj-jpic.org\/es\/#organization"},"image":{"@id":"https:\/\/rscj-jpic.org\/fr\/guide-de-priere-jpic-premier-dimanche-de-careme-2026\/#primaryimage"},"thumbnailUrl":"https:\/\/rscj-jpic.org\/wp-content\/uploads\/2026\/02\/Screenshot-2026-02-19-at-12.42.04-AM.png","articleSection":["Guides de pri\u00e8re JPIC (Avent - Car\u00eame)","prier"],"inLanguage":"fr-FR"},{"@type":"WebPage","@id":"https:\/\/rscj-jpic.org\/fr\/guide-de-priere-jpic-premier-dimanche-de-careme-2026\/","url":"https:\/\/rscj-jpic.org\/fr\/guide-de-priere-jpic-premier-dimanche-de-careme-2026\/","name":"Guide de pri\u00e8re JPIC - Premier dimanche de Car\u00eame 2026 - JPIC Learning Hub","isPartOf":{"@id":"https:\/\/rscj-jpic.org\/es\/#website"},"primaryImageOfPage":{"@id":"https:\/\/rscj-jpic.org\/fr\/guide-de-priere-jpic-premier-dimanche-de-careme-2026\/#primaryimage"},"image":{"@id":"https:\/\/rscj-jpic.org\/fr\/guide-de-priere-jpic-premier-dimanche-de-careme-2026\/#primaryimage"},"thumbnailUrl":"https:\/\/rscj-jpic.org\/wp-content\/uploads\/2026\/02\/Screenshot-2026-02-19-at-12.42.04-AM.png","datePublished":"2026-02-18T23:54:15+00:00","breadcrumb":{"@id":"https:\/\/rscj-jpic.org\/fr\/guide-de-priere-jpic-premier-dimanche-de-careme-2026\/#breadcrumb"},"inLanguage":"fr-FR","potentialAction":[{"@type":"ReadAction","target":["https:\/\/rscj-jpic.org\/fr\/guide-de-priere-jpic-premier-dimanche-de-careme-2026\/"]}]},{"@type":"ImageObject","inLanguage":"fr-FR","@id":"https:\/\/rscj-jpic.org\/fr\/guide-de-priere-jpic-premier-dimanche-de-careme-2026\/#primaryimage","url":"https:\/\/rscj-jpic.org\/wp-content\/uploads\/2026\/02\/Screenshot-2026-02-19-at-12.42.04-AM.png","contentUrl":"https:\/\/rscj-jpic.org\/wp-content\/uploads\/2026\/02\/Screenshot-2026-02-19-at-12.42.04-AM.png","width":1649,"height":978},{"@type":"BreadcrumbList","@id":"https:\/\/rscj-jpic.org\/fr\/guide-de-priere-jpic-premier-dimanche-de-careme-2026\/#breadcrumb","itemListElement":[{"@type":"ListItem","position":1,"name":"Home","item":"https:\/\/rscj-jpic.org\/fr\/"},{"@type":"ListItem","position":2,"name":"Guide de pri\u00e8re JPIC &#8211; Premier dimanche de Car\u00eame 2026"}]},{"@type":"WebSite","@id":"https:\/\/rscj-jpic.org\/es\/#website","url":"https:\/\/rscj-jpic.org\/es\/","name":"JPIC Learning Hub","description":"","publisher":{"@id":"https:\/\/rscj-jpic.org\/es\/#organization"},"potentialAction":[{"@type":"SearchAction","target":{"@type":"EntryPoint","urlTemplate":"https:\/\/rscj-jpic.org\/es\/?s={search_term_string}"},"query-input":{"@type":"PropertyValueSpecification","valueRequired":true,"valueName":"search_term_string"}}],"inLanguage":"fr-FR"},{"@type":"Organization","@id":"https:\/\/rscj-jpic.org\/es\/#organization","name":"JPIC","url":"https:\/\/rscj-jpic.org\/es\/","logo":{"@type":"ImageObject","inLanguage":"fr-FR","@id":"https:\/\/rscj-jpic.org\/es\/#\/schema\/logo\/image\/","url":"https:\/\/rscj-jpic.org\/wp-content\/uploads\/2025\/10\/rscj-jpic-logo-recolorise.png","contentUrl":"https:\/\/rscj-jpic.org\/wp-content\/uploads\/2025\/10\/rscj-jpic-logo-recolorise.png","width":125,"height":170,"caption":"JPIC"},"image":{"@id":"https:\/\/rscj-jpic.org\/es\/#\/schema\/logo\/image\/"},"sameAs":["https:\/\/www.facebook.com\/rscjpicinternational\/"]},{"@type":"Person","@id":"https:\/\/rscj-jpic.org\/es\/#\/schema\/person\/91cf18e597ebaf2db9c736990c8e8c18","name":"Rena Bersola","image":{"@type":"ImageObject","inLanguage":"fr-FR","@id":"https:\/\/secure.gravatar.com\/avatar\/895b6c9adc0617d7aa6550a605637c2a34e626d485337ddccf65525ef6f16db2?s=96&d=mm&r=g","url":"https:\/\/secure.gravatar.com\/avatar\/895b6c9adc0617d7aa6550a605637c2a34e626d485337ddccf65525ef6f16db2?s=96&d=mm&r=g","contentUrl":"https:\/\/secure.gravatar.com\/avatar\/895b6c9adc0617d7aa6550a605637c2a34e626d485337ddccf65525ef6f16db2?s=96&d=mm&r=g","caption":"Rena Bersola"},"url":"https:\/\/rscj-jpic.org\/fr\/author\/rena\/"}]}},"_links":{"self":[{"href":"https:\/\/rscj-jpic.org\/fr\/wp-json\/wp\/v2\/posts\/10918","targetHints":{"allow":["GET"]}}],"collection":[{"href":"https:\/\/rscj-jpic.org\/fr\/wp-json\/wp\/v2\/posts"}],"about":[{"href":"https:\/\/rscj-jpic.org\/fr\/wp-json\/wp\/v2\/types\/post"}],"author":[{"embeddable":true,"href":"https:\/\/rscj-jpic.org\/fr\/wp-json\/wp\/v2\/users\/2"}],"replies":[{"embeddable":true,"href":"https:\/\/rscj-jpic.org\/fr\/wp-json\/wp\/v2\/comments?post=10918"}],"version-history":[{"count":1,"href":"https:\/\/rscj-jpic.org\/fr\/wp-json\/wp\/v2\/posts\/10918\/revisions"}],"predecessor-version":[{"id":10923,"href":"https:\/\/rscj-jpic.org\/fr\/wp-json\/wp\/v2\/posts\/10918\/revisions\/10923"}],"wp:featuredmedia":[{"embeddable":true,"href":"https:\/\/rscj-jpic.org\/fr\/wp-json\/wp\/v2\/media\/10922"}],"wp:attachment":[{"href":"https:\/\/rscj-jpic.org\/fr\/wp-json\/wp\/v2\/media?parent=10918"}],"wp:term":[{"taxonomy":"category","embeddable":true,"href":"https:\/\/rscj-jpic.org\/fr\/wp-json\/wp\/v2\/categories?post=10918"},{"taxonomy":"post_tag","embeddable":true,"href":"https:\/\/rscj-jpic.org\/fr\/wp-json\/wp\/v2\/tags?post=10918"},{"taxonomy":"imperative","embeddable":true,"href":"https:\/\/rscj-jpic.org\/fr\/wp-json\/wp\/v2\/imperative?post=10918"}],"curies":[{"name":"wp","href":"https:\/\/api.w.org\/{rel}","templated":true}]}}