{"id":5007,"date":"2021-12-17T14:14:00","date_gmt":"2021-12-17T14:14:00","guid":{"rendered":"https:\/\/rscj-jpic.acck2.fr\/adviento-2021-semana-4-guia-de-oracion-5\/"},"modified":"2026-01-13T11:37:57","modified_gmt":"2026-01-13T11:37:57","slug":"adviento-2021-semana-4-guia-de-oracion-5","status":"publish","type":"post","link":"https:\/\/rscj-jpic.org\/es\/adviento-2021-semana-4-guia-de-oracion-5\/","title":{"rendered":"Adviento 2021 &#8211; Semana 4 Gu\u00eda de Oraci\u00f3n"},"content":{"rendered":"<p><img decoding=\"async\" alt=\"\" data-align=\"center\" data-file-id=\"1925\" src=\"\/files\/inline-images\/jpiclogo_3.png\" width=\"30\" \/><\/p>\n<h5 class=\"text-align-center\">Adviento 2021 Oraci\u00f3n- Gu\u00eda de Reflexi\u00f3n 4<br \/>\nAcoger a Personas en Movimiento<\/h5>\n<\/p>\n<p>Seguimos preparando nuestro ser en este camino de Adviento, tiempo que aviva nuestra esperanza y fraternidad.<\/p>\n<p><strong>1. El Evangelio de hoy: Lucas 1,39-40 nos muestra el encuentro de dos mujeres sencillas, Mar\u00eda e Isabel, visitadas por Dios, portadoras de nueva vida en su ser.<\/strong><\/p>\n<p><img decoding=\"async\" alt=\"\" data-align=\"left\" data-file-id=\"1926\" src=\"\/files\/inline-images\/advent4-img1_0.jpg\" width=\"320\" \/><\/p>\n<p class=\"indent1\">Mar\u00eda se pone en camino unos d\u00edas despu\u00e9s de haber sido visitada por Dios y de haberle respondido: \u201cH\u00e1gase en m\u00ed seg\u00fan tu palabra\u201d. Mar\u00eda sale de s\u00ed misma y va con prontitud a la monta\u00f1a, al encuentro de Isabel que ya est\u00e1 de seis meses. Tras el saludo de Mar\u00eda la reacci\u00f3n de Isabel es la bendici\u00f3n:<\/p>\n<p class=\"indent1\"><em>\u201c\u00a1Bendita t\u00fa entre las mujeres y bendito el fruto de tu vientre! \u00bfQui\u00e9n soy yo para que me visite la madre de mi Se\u00f1or?\u201d y con la bienaventuranza: \u201cDichosa t\u00fa, que has cre\u00eddo, porque lo que te ha dicho el Se\u00f1or se cumplir\u00e1.\u201d<\/em><\/p>\n<p class=\"indent1\">Mar\u00eda permaneci\u00f3 con Isabel unos tres meses como se\u00f1ala el Evangelio. Podemos contemplar la casa de Ain Karen: ver las personas, escuchar las conversaciones que tendr\u00edan Isabel y Mar\u00eda, la ayuda y acompa\u00f1amiento mutuo, Isabel como persona ya de m\u00e1s edad y experiencia y Mar\u00eda con su servicio y juventud.<\/p>\n<p><strong>2. \u00bfC\u00f3mo este encuentro entre Mar\u00eda e Isabel ilumina hoy nuestro compromiso de acoger a personas en movimiento caminando con aquellas y aquellos que buscan refugio y esperanza para un futuro mejor?<\/strong><\/p>\n<p class=\"indent1\">Los migrantes salen de sus pa\u00edses por pobreza econ\u00f3mica, pobreza clim\u00e1tica, persecuciones por distintos motivos; son portadores de esperanza de una vida mejor para para s\u00ed mismos y su familia, lo arriesgan todo hasta la vida por una vida digna a la que tienen derecho por el hecho mismo de ser personas y pertenecer a la familia humana.<\/p>\n<p class=\"indent1\">Nuestro compromiso con la JPIC nos obliga a reexaminar c\u00f3mo nos solidarizamos con los y las que est\u00e1n en estas \u201cfronteras\u201d para que la esperanza de una vida digna a la que tienen derecho vaya siendo realidad y no se quede en un mero sue\u00f1o, sino que pueda desplegarse y ser una bendici\u00f3n; que los migrantes puedan cantar como Mar\u00eda su propio magn\u00edficat..<\/p>\n<p><strong>Espacio de Silencio <\/strong>&#8211; (<em>Canci\u00f3n:<\/em><span class=\"underline\"><a href=\"https:\/\/www.youtube.com\/watch?v=ae1Gb2h82fw&amp;list=OLAK5uy_lEZAF6rckYPd12tQ1eegxv-7y6Wa6XMLI&amp;index=7\"><em>Wait for the Lord &#8211; Taiz\u00e9<\/em><\/a><\/span>)<\/p>\n<p>Podemos compartir alguna de estas cuestiones desde la propia experiencia..<\/p>\n<p class=\"indent1\">\u2022 \u00bfC\u00f3mo ser corresponsables y solidarias ante esta realidad?<br \/>\n\u2022 \u00bfC\u00f3mo acompa\u00f1ar mediante la escucha y gestos significativos?<br \/>\n\u2022 \u00bfC\u00f3mo ayudar a sostener la esperanza en los momentos de dificultad o fracaso?<br \/>\n\u2022 \u00bfC\u00f3mo denunciar leyes injustas que necesitan su supresi\u00f3n o modificaci\u00f3n y denunciar pr\u00e1cticas inhumanas f\u00edsica y psicol\u00f3gicamente?<br \/>\n\u2022 \u00bfC\u00f3mo compartir nuestros recursos personales: tiempo, habilidades, saberes&#8230;?<br \/>\n\u2022 Las decisiones del Cap\u00edtulo Especial nos iluminar\u00e1n en nuestro compromiso con las personas en movimiento.<\/p>\n<p><strong>3. Oremos por las personas que en este mismo momento est\u00e9n migrando: <\/strong><em>cruzando desiertos, atravesando mares, esperando en las fronteras el momento de cruzarlas, viviendo en campos de refugiados y desplazados&#8230;<\/em><\/p>\n<p class=\"indent1\">Oremos para que la esperanza que habita en ellos se pueda hacer realidad a trav\u00e9s de lacsolidaridad de grupos y sociedades acogedoras, fomentando la amistad social y la cultura del encuentro, comprometidas con los migrantes para construir junto con ellos un mundo m\u00e1s justo y fraterno.<\/p>\n<p class=\"indent1\">Oremos&#8230;<\/p>\n<p><strong>4. El Papa Francisco acaba de visitar nuevamente a los refugiados en la isla de Lesbos, en el campamento que alberga a unos 2.200 solicitantes de asilo. Agradecemos su gesto de cercan\u00eda y solidaridad, tambi\u00e9n su mensaje:<\/strong><\/p>\n<p class=\"indent1\">Papa Francisco afirm\u00f3 que la migraci\u00f3n es \u201cun problema del mundo, una crisis humanitaria que concierne a todos,\u201d y a\u00f1adi\u00f3 que la pandemia, que nos ha afectado globalmente, nos ha hecho \u201csentir a todos en la misma barca y experimentar lo que significa tener los mismos miedos\u201d. La humanidad ha comprendido que los grandes problemas se \u201cafrontan juntos, porque en el mundo de hoy las soluciones fragmentadas son inadecuadas. Si no hay pol\u00edticas amplias no habr\u00e1 un futuro sereno y pr\u00f3spero.\u201d<\/p>\n<p class=\"indent1\">Papa Francisco insisti\u00f3 que, si no hay una reconciliaci\u00f3n con los m\u00e1s d\u00e9biles, no habr\u00e1 un futuro pr\u00f3spero. Rechazar a los pobres, afirm\u00f3 es rechazar la paz. Pidi\u00f3 a Dios que nos despierte del olvido de quien sufre, que nos sacuda del individualismo que excluye, que despierte los corazones sordos a las necesidades del pr\u00f3jimo. Los problemas se resuelven no con los muros sino uniendo fuerzas para hacerse cargo de los dem\u00e1s. \u201cEl Mar Mediterr\u00e1neo se ha convertido en un fr\u00edo cementerio sin l\u00e1pidas.\u201d<\/p>\n<p class=\"indent1\">.\u201d<\/p>\n<p class=\"text-align-center\"><em><strong>\u00bfC\u00f3mo Dios me visita a trav\u00e9s de las personas migrantes?<\/strong><\/em><\/p>\n<p><img decoding=\"async\" alt=\"\" data-align=\"center\" data-file-id=\"1927\" src=\"\/files\/inline-images\/advent4-img2.jpg\" width=\"400\" \/><\/p>\n<p class=\"text-align-center\"><em><strong>\u00bfLas bendigo?<\/strong><\/em><\/p>\n<p class=\"text-align-center\">\n<p class=\"text-align-center\">Miren Lumbreras rscj<br \/>\n<em>Provincia de Espa\u00f1a<\/em><\/p>\n<p class=\"text-align-center\"><img decoding=\"async\" alt=\"\" data-file-id=\"1910\" height=\"1117\" src=\"https:\/\/rscj-jpic.org\/wp-content\/uploads\/2025\/11\/jpiclogo_2.png\" width=\"25\" \/><\/p>\n<p class=\"text-align-center\"><sup>HUB DE APRENDIZAJE JPIC<br \/>\n2021<\/sup><\/p>\n<p><a href=\"https:\/\/rscj-jpic.org\/wp-content\/uploads\/2025\/11\/week_4_-_advent_2021_es_0.pdf\"><span class=\"underline\"><strong>Haga clic aqu\u00ed para ver la versi\u00f3n en PDF de la Gu\u00eda de oraci\u00f3n<\/strong><\/span><\/a><\/p>\n<\/p>\n<p class=\"text-align-right\"><span class=\"credit\">Cr\u00e9dito de la foto: 1\u00aa imagen: \u00abVisitaci\u00f3n\u00bb de Bernardo Strozzi<br \/>\n2a imagen: Unsplash- Inbal Malca<\/span><\/p>\n","protected":false},"excerpt":{"rendered":"<p>Adviento 2021 Oraci\u00f3n- Gu\u00eda de Reflexi\u00f3n 4 Acoger a Personas  [&#8230;]<\/p>\n","protected":false},"author":1,"featured_media":3165,"comment_status":"closed","ping_status":"open","sticky":false,"template":"","format":"standard","meta":{"_acf_changed":false,"_price":"","_stock":"","_tribe_ticket_header":"","_tribe_default_ticket_provider":"","_tribe_ticket_capacity":"","_ticket_start_date":"","_ticket_end_date":"","_tribe_ticket_show_description":"","_tribe_ticket_show_not_going":false,"_tribe_ticket_use_global_stock":"","_tribe_ticket_global_stock_level":"","_global_stock_mode":"","_global_stock_cap":"","_tribe_rsvp_for_event":"","_tribe_ticket_going_count":"","_tribe_ticket_not_going_count":"","_tribe_tickets_list":"[]","_tribe_ticket_has_attendee_info_fields":false,"footnotes":""},"categories":[23],"tags":[],"imperative":[],"class_list":["post-5007","post","type-post","status-publish","format-standard","has-post-thumbnail","hentry","category-sin-categoria"],"acf":[],"yoast_head":"<!-- This site is optimized with the Yoast SEO plugin v27.5 - https:\/\/yoast.com\/product\/yoast-seo-wordpress\/ -->\n<title>Adviento 2021 - Semana 4 Gu\u00eda de Oraci\u00f3n - JPIC Learning Hub<\/title>\n<meta name=\"robots\" content=\"index, follow, max-snippet:-1, max-image-preview:large, max-video-preview:-1\" \/>\n<link rel=\"canonical\" href=\"https:\/\/rscj-jpic.org\/es\/adviento-2021-semana-4-guia-de-oracion-5\/\" \/>\n<meta property=\"og:locale\" content=\"es_ES\" \/>\n<meta property=\"og:type\" content=\"article\" \/>\n<meta property=\"og:title\" content=\"Adviento 2021 - Semana 4 Gu\u00eda de Oraci\u00f3n - JPIC Learning Hub\" \/>\n<meta property=\"og:description\" content=\"Adviento 2021 Oraci\u00f3n- Gu\u00eda de Reflexi\u00f3n 4 Acoger a Personas [...]\" \/>\n<meta property=\"og:url\" content=\"https:\/\/rscj-jpic.org\/es\/adviento-2021-semana-4-guia-de-oracion-5\/\" \/>\n<meta property=\"og:site_name\" content=\"JPIC Learning Hub\" \/>\n<meta property=\"article:publisher\" content=\"https:\/\/www.facebook.com\/rscjpicinternational\/\" \/>\n<meta property=\"article:published_time\" content=\"2021-12-17T14:14:00+00:00\" \/>\n<meta property=\"article:modified_time\" content=\"2026-01-13T11:37:57+00:00\" \/>\n<meta property=\"og:image\" content=\"https:\/\/rscj-jpic.org\/wp-content\/uploads\/2021\/12\/advent4es.png\" \/>\n\t<meta property=\"og:image:width\" content=\"1007\" \/>\n\t<meta property=\"og:image:height\" content=\"718\" \/>\n\t<meta property=\"og:image:type\" content=\"image\/png\" \/>\n<meta name=\"author\" content=\"adminjpiclh\" \/>\n<meta name=\"twitter:card\" content=\"summary_large_image\" \/>\n<meta name=\"twitter:label1\" content=\"Escrito por\" \/>\n\t<meta name=\"twitter:data1\" content=\"adminjpiclh\" \/>\n\t<meta name=\"twitter:label2\" content=\"Tiempo de lectura\" \/>\n\t<meta name=\"twitter:data2\" content=\"4 minutos\" \/>\n<script type=\"application\/ld+json\" class=\"yoast-schema-graph\">{\"@context\":\"https:\\\/\\\/schema.org\",\"@graph\":[{\"@type\":\"Article\",\"@id\":\"https:\\\/\\\/rscj-jpic.org\\\/es\\\/adviento-2021-semana-4-guia-de-oracion-5\\\/#article\",\"isPartOf\":{\"@id\":\"https:\\\/\\\/rscj-jpic.org\\\/es\\\/adviento-2021-semana-4-guia-de-oracion-5\\\/\"},\"author\":{\"name\":\"adminjpiclh\",\"@id\":\"https:\\\/\\\/rscj-jpic.org\\\/es\\\/#\\\/schema\\\/person\\\/9b0e8dff1b77a0c1169c8916fede4d37\"},\"headline\":\"Adviento 2021 &#8211; Semana 4 Gu\u00eda de Oraci\u00f3n\",\"datePublished\":\"2021-12-17T14:14:00+00:00\",\"dateModified\":\"2026-01-13T11:37:57+00:00\",\"mainEntityOfPage\":{\"@id\":\"https:\\\/\\\/rscj-jpic.org\\\/es\\\/adviento-2021-semana-4-guia-de-oracion-5\\\/\"},\"wordCount\":857,\"publisher\":{\"@id\":\"https:\\\/\\\/rscj-jpic.org\\\/es\\\/#organization\"},\"image\":{\"@id\":\"https:\\\/\\\/rscj-jpic.org\\\/es\\\/adviento-2021-semana-4-guia-de-oracion-5\\\/#primaryimage\"},\"thumbnailUrl\":\"https:\\\/\\\/rscj-jpic.org\\\/wp-content\\\/uploads\\\/2021\\\/12\\\/advent4es.png\",\"inLanguage\":\"es\"},{\"@type\":\"WebPage\",\"@id\":\"https:\\\/\\\/rscj-jpic.org\\\/es\\\/adviento-2021-semana-4-guia-de-oracion-5\\\/\",\"url\":\"https:\\\/\\\/rscj-jpic.org\\\/es\\\/adviento-2021-semana-4-guia-de-oracion-5\\\/\",\"name\":\"Adviento 2021 - Semana 4 Gu\u00eda de Oraci\u00f3n - JPIC Learning Hub\",\"isPartOf\":{\"@id\":\"https:\\\/\\\/rscj-jpic.org\\\/es\\\/#website\"},\"primaryImageOfPage\":{\"@id\":\"https:\\\/\\\/rscj-jpic.org\\\/es\\\/adviento-2021-semana-4-guia-de-oracion-5\\\/#primaryimage\"},\"image\":{\"@id\":\"https:\\\/\\\/rscj-jpic.org\\\/es\\\/adviento-2021-semana-4-guia-de-oracion-5\\\/#primaryimage\"},\"thumbnailUrl\":\"https:\\\/\\\/rscj-jpic.org\\\/wp-content\\\/uploads\\\/2021\\\/12\\\/advent4es.png\",\"datePublished\":\"2021-12-17T14:14:00+00:00\",\"dateModified\":\"2026-01-13T11:37:57+00:00\",\"breadcrumb\":{\"@id\":\"https:\\\/\\\/rscj-jpic.org\\\/es\\\/adviento-2021-semana-4-guia-de-oracion-5\\\/#breadcrumb\"},\"inLanguage\":\"es\",\"potentialAction\":[{\"@type\":\"ReadAction\",\"target\":[\"https:\\\/\\\/rscj-jpic.org\\\/es\\\/adviento-2021-semana-4-guia-de-oracion-5\\\/\"]}]},{\"@type\":\"ImageObject\",\"inLanguage\":\"es\",\"@id\":\"https:\\\/\\\/rscj-jpic.org\\\/es\\\/adviento-2021-semana-4-guia-de-oracion-5\\\/#primaryimage\",\"url\":\"https:\\\/\\\/rscj-jpic.org\\\/wp-content\\\/uploads\\\/2021\\\/12\\\/advent4es.png\",\"contentUrl\":\"https:\\\/\\\/rscj-jpic.org\\\/wp-content\\\/uploads\\\/2021\\\/12\\\/advent4es.png\",\"width\":1007,\"height\":718},{\"@type\":\"BreadcrumbList\",\"@id\":\"https:\\\/\\\/rscj-jpic.org\\\/es\\\/adviento-2021-semana-4-guia-de-oracion-5\\\/#breadcrumb\",\"itemListElement\":[{\"@type\":\"ListItem\",\"position\":1,\"name\":\"Home\",\"item\":\"https:\\\/\\\/rscj-jpic.org\\\/\"},{\"@type\":\"ListItem\",\"position\":2,\"name\":\"Adviento 2021 &#8211; Semana 4 Gu\u00eda de Oraci\u00f3n\"}]},{\"@type\":\"WebSite\",\"@id\":\"https:\\\/\\\/rscj-jpic.org\\\/es\\\/#website\",\"url\":\"https:\\\/\\\/rscj-jpic.org\\\/es\\\/\",\"name\":\"JPIC Learning Hub\",\"description\":\"\",\"publisher\":{\"@id\":\"https:\\\/\\\/rscj-jpic.org\\\/es\\\/#organization\"},\"potentialAction\":[{\"@type\":\"SearchAction\",\"target\":{\"@type\":\"EntryPoint\",\"urlTemplate\":\"https:\\\/\\\/rscj-jpic.org\\\/es\\\/?s={search_term_string}\"},\"query-input\":{\"@type\":\"PropertyValueSpecification\",\"valueRequired\":true,\"valueName\":\"search_term_string\"}}],\"inLanguage\":\"es\"},{\"@type\":\"Organization\",\"@id\":\"https:\\\/\\\/rscj-jpic.org\\\/es\\\/#organization\",\"name\":\"JPIC\",\"url\":\"https:\\\/\\\/rscj-jpic.org\\\/es\\\/\",\"logo\":{\"@type\":\"ImageObject\",\"inLanguage\":\"es\",\"@id\":\"https:\\\/\\\/rscj-jpic.org\\\/es\\\/#\\\/schema\\\/logo\\\/image\\\/\",\"url\":\"https:\\\/\\\/rscj-jpic.org\\\/wp-content\\\/uploads\\\/2025\\\/10\\\/rscj-jpic-logo-recolorise.png\",\"contentUrl\":\"https:\\\/\\\/rscj-jpic.org\\\/wp-content\\\/uploads\\\/2025\\\/10\\\/rscj-jpic-logo-recolorise.png\",\"width\":125,\"height\":170,\"caption\":\"JPIC\"},\"image\":{\"@id\":\"https:\\\/\\\/rscj-jpic.org\\\/es\\\/#\\\/schema\\\/logo\\\/image\\\/\"},\"sameAs\":[\"https:\\\/\\\/www.facebook.com\\\/rscjpicinternational\\\/\"]},{\"@type\":\"Person\",\"@id\":\"https:\\\/\\\/rscj-jpic.org\\\/es\\\/#\\\/schema\\\/person\\\/9b0e8dff1b77a0c1169c8916fede4d37\",\"name\":\"adminjpiclh\",\"image\":{\"@type\":\"ImageObject\",\"inLanguage\":\"es\",\"@id\":\"https:\\\/\\\/secure.gravatar.com\\\/avatar\\\/f774dec0de79f1f23532bbf1b7d1a2bd753e4621dca994555c7a05abf8da829a?s=96&d=mm&r=g\",\"url\":\"https:\\\/\\\/secure.gravatar.com\\\/avatar\\\/f774dec0de79f1f23532bbf1b7d1a2bd753e4621dca994555c7a05abf8da829a?s=96&d=mm&r=g\",\"contentUrl\":\"https:\\\/\\\/secure.gravatar.com\\\/avatar\\\/f774dec0de79f1f23532bbf1b7d1a2bd753e4621dca994555c7a05abf8da829a?s=96&d=mm&r=g\",\"caption\":\"adminjpiclh\"},\"sameAs\":[\"https:\\\/\\\/rscj-jpic.org\"],\"url\":\"https:\\\/\\\/rscj-jpic.org\\\/es\\\/author\\\/adminjpiclh\\\/\"}]}<\/script>\n<!-- \/ Yoast SEO plugin. -->","yoast_head_json":{"title":"Adviento 2021 - Semana 4 Gu\u00eda de Oraci\u00f3n - JPIC Learning Hub","robots":{"index":"index","follow":"follow","max-snippet":"max-snippet:-1","max-image-preview":"max-image-preview:large","max-video-preview":"max-video-preview:-1"},"canonical":"https:\/\/rscj-jpic.org\/es\/adviento-2021-semana-4-guia-de-oracion-5\/","og_locale":"es_ES","og_type":"article","og_title":"Adviento 2021 - Semana 4 Gu\u00eda de Oraci\u00f3n - JPIC Learning Hub","og_description":"Adviento 2021 Oraci\u00f3n- Gu\u00eda de Reflexi\u00f3n 4 Acoger a Personas [...]","og_url":"https:\/\/rscj-jpic.org\/es\/adviento-2021-semana-4-guia-de-oracion-5\/","og_site_name":"JPIC Learning Hub","article_publisher":"https:\/\/www.facebook.com\/rscjpicinternational\/","article_published_time":"2021-12-17T14:14:00+00:00","article_modified_time":"2026-01-13T11:37:57+00:00","og_image":[{"width":1007,"height":718,"url":"https:\/\/rscj-jpic.org\/wp-content\/uploads\/2021\/12\/advent4es.png","type":"image\/png"}],"author":"adminjpiclh","twitter_card":"summary_large_image","twitter_misc":{"Escrito por":"adminjpiclh","Tiempo de lectura":"4 minutos"},"schema":{"@context":"https:\/\/schema.org","@graph":[{"@type":"Article","@id":"https:\/\/rscj-jpic.org\/es\/adviento-2021-semana-4-guia-de-oracion-5\/#article","isPartOf":{"@id":"https:\/\/rscj-jpic.org\/es\/adviento-2021-semana-4-guia-de-oracion-5\/"},"author":{"name":"adminjpiclh","@id":"https:\/\/rscj-jpic.org\/es\/#\/schema\/person\/9b0e8dff1b77a0c1169c8916fede4d37"},"headline":"Adviento 2021 &#8211; Semana 4 Gu\u00eda de Oraci\u00f3n","datePublished":"2021-12-17T14:14:00+00:00","dateModified":"2026-01-13T11:37:57+00:00","mainEntityOfPage":{"@id":"https:\/\/rscj-jpic.org\/es\/adviento-2021-semana-4-guia-de-oracion-5\/"},"wordCount":857,"publisher":{"@id":"https:\/\/rscj-jpic.org\/es\/#organization"},"image":{"@id":"https:\/\/rscj-jpic.org\/es\/adviento-2021-semana-4-guia-de-oracion-5\/#primaryimage"},"thumbnailUrl":"https:\/\/rscj-jpic.org\/wp-content\/uploads\/2021\/12\/advent4es.png","inLanguage":"es"},{"@type":"WebPage","@id":"https:\/\/rscj-jpic.org\/es\/adviento-2021-semana-4-guia-de-oracion-5\/","url":"https:\/\/rscj-jpic.org\/es\/adviento-2021-semana-4-guia-de-oracion-5\/","name":"Adviento 2021 - Semana 4 Gu\u00eda de Oraci\u00f3n - JPIC Learning Hub","isPartOf":{"@id":"https:\/\/rscj-jpic.org\/es\/#website"},"primaryImageOfPage":{"@id":"https:\/\/rscj-jpic.org\/es\/adviento-2021-semana-4-guia-de-oracion-5\/#primaryimage"},"image":{"@id":"https:\/\/rscj-jpic.org\/es\/adviento-2021-semana-4-guia-de-oracion-5\/#primaryimage"},"thumbnailUrl":"https:\/\/rscj-jpic.org\/wp-content\/uploads\/2021\/12\/advent4es.png","datePublished":"2021-12-17T14:14:00+00:00","dateModified":"2026-01-13T11:37:57+00:00","breadcrumb":{"@id":"https:\/\/rscj-jpic.org\/es\/adviento-2021-semana-4-guia-de-oracion-5\/#breadcrumb"},"inLanguage":"es","potentialAction":[{"@type":"ReadAction","target":["https:\/\/rscj-jpic.org\/es\/adviento-2021-semana-4-guia-de-oracion-5\/"]}]},{"@type":"ImageObject","inLanguage":"es","@id":"https:\/\/rscj-jpic.org\/es\/adviento-2021-semana-4-guia-de-oracion-5\/#primaryimage","url":"https:\/\/rscj-jpic.org\/wp-content\/uploads\/2021\/12\/advent4es.png","contentUrl":"https:\/\/rscj-jpic.org\/wp-content\/uploads\/2021\/12\/advent4es.png","width":1007,"height":718},{"@type":"BreadcrumbList","@id":"https:\/\/rscj-jpic.org\/es\/adviento-2021-semana-4-guia-de-oracion-5\/#breadcrumb","itemListElement":[{"@type":"ListItem","position":1,"name":"Home","item":"https:\/\/rscj-jpic.org\/"},{"@type":"ListItem","position":2,"name":"Adviento 2021 &#8211; Semana 4 Gu\u00eda de Oraci\u00f3n"}]},{"@type":"WebSite","@id":"https:\/\/rscj-jpic.org\/es\/#website","url":"https:\/\/rscj-jpic.org\/es\/","name":"JPIC Learning Hub","description":"","publisher":{"@id":"https:\/\/rscj-jpic.org\/es\/#organization"},"potentialAction":[{"@type":"SearchAction","target":{"@type":"EntryPoint","urlTemplate":"https:\/\/rscj-jpic.org\/es\/?s={search_term_string}"},"query-input":{"@type":"PropertyValueSpecification","valueRequired":true,"valueName":"search_term_string"}}],"inLanguage":"es"},{"@type":"Organization","@id":"https:\/\/rscj-jpic.org\/es\/#organization","name":"JPIC","url":"https:\/\/rscj-jpic.org\/es\/","logo":{"@type":"ImageObject","inLanguage":"es","@id":"https:\/\/rscj-jpic.org\/es\/#\/schema\/logo\/image\/","url":"https:\/\/rscj-jpic.org\/wp-content\/uploads\/2025\/10\/rscj-jpic-logo-recolorise.png","contentUrl":"https:\/\/rscj-jpic.org\/wp-content\/uploads\/2025\/10\/rscj-jpic-logo-recolorise.png","width":125,"height":170,"caption":"JPIC"},"image":{"@id":"https:\/\/rscj-jpic.org\/es\/#\/schema\/logo\/image\/"},"sameAs":["https:\/\/www.facebook.com\/rscjpicinternational\/"]},{"@type":"Person","@id":"https:\/\/rscj-jpic.org\/es\/#\/schema\/person\/9b0e8dff1b77a0c1169c8916fede4d37","name":"adminjpiclh","image":{"@type":"ImageObject","inLanguage":"es","@id":"https:\/\/secure.gravatar.com\/avatar\/f774dec0de79f1f23532bbf1b7d1a2bd753e4621dca994555c7a05abf8da829a?s=96&d=mm&r=g","url":"https:\/\/secure.gravatar.com\/avatar\/f774dec0de79f1f23532bbf1b7d1a2bd753e4621dca994555c7a05abf8da829a?s=96&d=mm&r=g","contentUrl":"https:\/\/secure.gravatar.com\/avatar\/f774dec0de79f1f23532bbf1b7d1a2bd753e4621dca994555c7a05abf8da829a?s=96&d=mm&r=g","caption":"adminjpiclh"},"sameAs":["https:\/\/rscj-jpic.org"],"url":"https:\/\/rscj-jpic.org\/es\/author\/adminjpiclh\/"}]}},"_links":{"self":[{"href":"https:\/\/rscj-jpic.org\/es\/wp-json\/wp\/v2\/posts\/5007","targetHints":{"allow":["GET"]}}],"collection":[{"href":"https:\/\/rscj-jpic.org\/es\/wp-json\/wp\/v2\/posts"}],"about":[{"href":"https:\/\/rscj-jpic.org\/es\/wp-json\/wp\/v2\/types\/post"}],"author":[{"embeddable":true,"href":"https:\/\/rscj-jpic.org\/es\/wp-json\/wp\/v2\/users\/1"}],"replies":[{"embeddable":true,"href":"https:\/\/rscj-jpic.org\/es\/wp-json\/wp\/v2\/comments?post=5007"}],"version-history":[{"count":1,"href":"https:\/\/rscj-jpic.org\/es\/wp-json\/wp\/v2\/posts\/5007\/revisions"}],"predecessor-version":[{"id":7726,"href":"https:\/\/rscj-jpic.org\/es\/wp-json\/wp\/v2\/posts\/5007\/revisions\/7726"}],"wp:featuredmedia":[{"embeddable":true,"href":"https:\/\/rscj-jpic.org\/es\/wp-json\/wp\/v2\/media\/3165"}],"wp:attachment":[{"href":"https:\/\/rscj-jpic.org\/es\/wp-json\/wp\/v2\/media?parent=5007"}],"wp:term":[{"taxonomy":"category","embeddable":true,"href":"https:\/\/rscj-jpic.org\/es\/wp-json\/wp\/v2\/categories?post=5007"},{"taxonomy":"post_tag","embeddable":true,"href":"https:\/\/rscj-jpic.org\/es\/wp-json\/wp\/v2\/tags?post=5007"},{"taxonomy":"imperative","embeddable":true,"href":"https:\/\/rscj-jpic.org\/es\/wp-json\/wp\/v2\/imperative?post=5007"}],"curies":[{"name":"wp","href":"https:\/\/api.w.org\/{rel}","templated":true}]}}