{"id":4460,"date":"2024-11-28T18:13:00","date_gmt":"2024-11-28T18:13:00","guid":{"rendered":"https:\/\/rscj-jpic.acck2.fr\/guia-de-oracion-jpic-1a-semana-de-adviento\/"},"modified":"2025-11-28T10:16:55","modified_gmt":"2025-11-28T10:16:55","slug":"guia-de-oracion-jpic-1a-semana-de-adviento","status":"publish","type":"post","link":"https:\/\/rscj-jpic.org\/es\/guia-de-oracion-jpic-1a-semana-de-adviento\/","title":{"rendered":"Gu\u00eda de oraci\u00f3n JPIC \u2013 1\u00aa Semana de Adviento"},"content":{"rendered":"<p><em><span><span><span><span><span><span><span>Este a\u00f1o, nuestros libritos de oraci\u00f3n de Adviento estar\u00e1n inspirados en gran medida en la \u00faltima enc\u00edclica del Papa, \u00ab\u00c9l nos am\u00f3\u00bb. Tambi\u00e9n seremos iluminados por los comentarios de personas que forman parte de asociaciones que les presentaremos.<\/span><span>Finalmente, tenemos la suerte de haber obtenido el derecho a publicar obras de arte de Anne-Laure Lavagna, quien actualmente est\u00e1 exponiendo \u00abSus Corazones de Jes\u00fas\u00bb en Paray-le-Monial.<\/span><\/span><\/span><\/span><\/span><\/span><\/span><\/em><\/p>\n<p><span><span><span><span><span><span><span>Cada domingo, nos detendremos en una dimensi\u00f3n del Coraz\u00f3n de Jes\u00fas, en sinton\u00eda con el tiempo de Adviento. Este primer domingo, es Su Coraz\u00f3n como lugar de DESCANSO y VIGILANCIA&#8230;<\/span><\/span><\/span><\/span><\/span><\/span><\/span><\/p>\n<p class=\"text-align-center\"><a data-file-id=\"4865\" href=\"\/files\/paragraphs\/attachments\/guia_oracion_jpic_-_1a_semana_de_adviento.pdf\"><span><span><span><span><span><span><span><span class=\"underline\"><strong>Haga clic aqu\u00ed para descargar la gu\u00eda de oraci\u00f3n.<\/strong><\/span><\/span><\/span><\/span><\/span><\/span><\/span><\/span><\/a><\/p>\n","protected":false},"excerpt":{"rendered":"<p>Este a\u00f1o, nuestros libritos de oraci\u00f3n de Adviento estar\u00e1n inspirados  [&#8230;]<\/p>\n","protected":false},"author":1,"featured_media":4461,"comment_status":"closed","ping_status":"open","sticky":false,"template":"","format":"standard","meta":{"_acf_changed":false,"_price":"","_stock":"","_tribe_ticket_header":"","_tribe_default_ticket_provider":"","_tribe_ticket_capacity":"","_ticket_start_date":"","_ticket_end_date":"","_tribe_ticket_show_description":"","_tribe_ticket_show_not_going":false,"_tribe_ticket_use_global_stock":"","_tribe_ticket_global_stock_level":"","_global_stock_mode":"","_global_stock_cap":"","_tribe_rsvp_for_event":"","_tribe_ticket_going_count":"","_tribe_ticket_not_going_count":"","_tribe_tickets_list":"[]","_tribe_ticket_has_attendee_info_fields":false,"footnotes":""},"categories":[82,83],"tags":[],"imperative":[],"class_list":["post-4460","post","type-post","status-publish","format-standard","has-post-thumbnail","hentry","category-guias-de-oracion-jpic-adviento-cuaresma","category-orar"],"acf":[],"yoast_head":"<!-- This site is optimized with the Yoast SEO plugin v27.5 - https:\/\/yoast.com\/product\/yoast-seo-wordpress\/ -->\n<title>Gu\u00eda de oraci\u00f3n JPIC \u2013 1\u00aa Semana de Adviento - JPIC Learning Hub<\/title>\n<meta name=\"robots\" content=\"index, follow, max-snippet:-1, max-image-preview:large, max-video-preview:-1\" \/>\n<link rel=\"canonical\" href=\"https:\/\/rscj-jpic.org\/es\/guia-de-oracion-jpic-1a-semana-de-adviento\/\" \/>\n<meta property=\"og:locale\" content=\"es_ES\" \/>\n<meta property=\"og:type\" content=\"article\" \/>\n<meta property=\"og:title\" content=\"Gu\u00eda de oraci\u00f3n JPIC \u2013 1\u00aa Semana de Adviento - JPIC Learning Hub\" \/>\n<meta property=\"og:description\" content=\"Este a\u00f1o, nuestros libritos de oraci\u00f3n de Adviento estar\u00e1n inspirados [...]\" \/>\n<meta property=\"og:url\" content=\"https:\/\/rscj-jpic.org\/es\/guia-de-oracion-jpic-1a-semana-de-adviento\/\" \/>\n<meta property=\"og:site_name\" content=\"JPIC Learning Hub\" \/>\n<meta property=\"article:publisher\" content=\"https:\/\/www.facebook.com\/rscjpicinternational\/\" \/>\n<meta property=\"article:published_time\" content=\"2024-11-28T18:13:00+00:00\" \/>\n<meta property=\"article:modified_time\" content=\"2025-11-28T10:16:55+00:00\" \/>\n<meta property=\"og:image\" content=\"https:\/\/rscj-jpic.org\/wp-content\/uploads\/2024\/11\/5_8.png\" \/>\n\t<meta property=\"og:image:width\" content=\"851\" \/>\n\t<meta property=\"og:image:height\" content=\"315\" \/>\n\t<meta property=\"og:image:type\" content=\"image\/png\" \/>\n<meta name=\"author\" content=\"adminjpiclh\" \/>\n<meta name=\"twitter:card\" content=\"summary_large_image\" \/>\n<meta name=\"twitter:label1\" content=\"Escrito por\" \/>\n\t<meta name=\"twitter:data1\" content=\"adminjpiclh\" \/>\n\t<meta name=\"twitter:label2\" content=\"Tiempo de lectura\" \/>\n\t<meta name=\"twitter:data2\" content=\"1 minuto\" \/>\n<script type=\"application\/ld+json\" class=\"yoast-schema-graph\">{\"@context\":\"https:\\\/\\\/schema.org\",\"@graph\":[{\"@type\":\"Article\",\"@id\":\"https:\\\/\\\/rscj-jpic.org\\\/es\\\/guia-de-oracion-jpic-1a-semana-de-adviento\\\/#article\",\"isPartOf\":{\"@id\":\"https:\\\/\\\/rscj-jpic.org\\\/es\\\/guia-de-oracion-jpic-1a-semana-de-adviento\\\/\"},\"author\":{\"name\":\"adminjpiclh\",\"@id\":\"https:\\\/\\\/rscj-jpic.org\\\/es\\\/#\\\/schema\\\/person\\\/9b0e8dff1b77a0c1169c8916fede4d37\"},\"headline\":\"Gu\u00eda de oraci\u00f3n JPIC \u2013 1\u00aa Semana de Adviento\",\"datePublished\":\"2024-11-28T18:13:00+00:00\",\"dateModified\":\"2025-11-28T10:16:55+00:00\",\"mainEntityOfPage\":{\"@id\":\"https:\\\/\\\/rscj-jpic.org\\\/es\\\/guia-de-oracion-jpic-1a-semana-de-adviento\\\/\"},\"wordCount\":126,\"publisher\":{\"@id\":\"https:\\\/\\\/rscj-jpic.org\\\/es\\\/#organization\"},\"image\":{\"@id\":\"https:\\\/\\\/rscj-jpic.org\\\/es\\\/guia-de-oracion-jpic-1a-semana-de-adviento\\\/#primaryimage\"},\"thumbnailUrl\":\"https:\\\/\\\/rscj-jpic.org\\\/wp-content\\\/uploads\\\/2024\\\/11\\\/5_8.png\",\"articleSection\":[\"Gu\u00edas de oraci\u00f3n JPIC (Adviento - Cuaresma)\",\"orar\"],\"inLanguage\":\"es\"},{\"@type\":\"WebPage\",\"@id\":\"https:\\\/\\\/rscj-jpic.org\\\/es\\\/guia-de-oracion-jpic-1a-semana-de-adviento\\\/\",\"url\":\"https:\\\/\\\/rscj-jpic.org\\\/es\\\/guia-de-oracion-jpic-1a-semana-de-adviento\\\/\",\"name\":\"Gu\u00eda de oraci\u00f3n JPIC \u2013 1\u00aa Semana de Adviento - JPIC Learning Hub\",\"isPartOf\":{\"@id\":\"https:\\\/\\\/rscj-jpic.org\\\/es\\\/#website\"},\"primaryImageOfPage\":{\"@id\":\"https:\\\/\\\/rscj-jpic.org\\\/es\\\/guia-de-oracion-jpic-1a-semana-de-adviento\\\/#primaryimage\"},\"image\":{\"@id\":\"https:\\\/\\\/rscj-jpic.org\\\/es\\\/guia-de-oracion-jpic-1a-semana-de-adviento\\\/#primaryimage\"},\"thumbnailUrl\":\"https:\\\/\\\/rscj-jpic.org\\\/wp-content\\\/uploads\\\/2024\\\/11\\\/5_8.png\",\"datePublished\":\"2024-11-28T18:13:00+00:00\",\"dateModified\":\"2025-11-28T10:16:55+00:00\",\"breadcrumb\":{\"@id\":\"https:\\\/\\\/rscj-jpic.org\\\/es\\\/guia-de-oracion-jpic-1a-semana-de-adviento\\\/#breadcrumb\"},\"inLanguage\":\"es\",\"potentialAction\":[{\"@type\":\"ReadAction\",\"target\":[\"https:\\\/\\\/rscj-jpic.org\\\/es\\\/guia-de-oracion-jpic-1a-semana-de-adviento\\\/\"]}]},{\"@type\":\"ImageObject\",\"inLanguage\":\"es\",\"@id\":\"https:\\\/\\\/rscj-jpic.org\\\/es\\\/guia-de-oracion-jpic-1a-semana-de-adviento\\\/#primaryimage\",\"url\":\"https:\\\/\\\/rscj-jpic.org\\\/wp-content\\\/uploads\\\/2024\\\/11\\\/5_8.png\",\"contentUrl\":\"https:\\\/\\\/rscj-jpic.org\\\/wp-content\\\/uploads\\\/2024\\\/11\\\/5_8.png\",\"width\":851,\"height\":315},{\"@type\":\"BreadcrumbList\",\"@id\":\"https:\\\/\\\/rscj-jpic.org\\\/es\\\/guia-de-oracion-jpic-1a-semana-de-adviento\\\/#breadcrumb\",\"itemListElement\":[{\"@type\":\"ListItem\",\"position\":1,\"name\":\"Home\",\"item\":\"https:\\\/\\\/rscj-jpic.org\\\/\"},{\"@type\":\"ListItem\",\"position\":2,\"name\":\"Gu\u00eda de oraci\u00f3n JPIC \u2013 1\u00aa Semana de Adviento\"}]},{\"@type\":\"WebSite\",\"@id\":\"https:\\\/\\\/rscj-jpic.org\\\/es\\\/#website\",\"url\":\"https:\\\/\\\/rscj-jpic.org\\\/es\\\/\",\"name\":\"JPIC Learning Hub\",\"description\":\"\",\"publisher\":{\"@id\":\"https:\\\/\\\/rscj-jpic.org\\\/es\\\/#organization\"},\"potentialAction\":[{\"@type\":\"SearchAction\",\"target\":{\"@type\":\"EntryPoint\",\"urlTemplate\":\"https:\\\/\\\/rscj-jpic.org\\\/es\\\/?s={search_term_string}\"},\"query-input\":{\"@type\":\"PropertyValueSpecification\",\"valueRequired\":true,\"valueName\":\"search_term_string\"}}],\"inLanguage\":\"es\"},{\"@type\":\"Organization\",\"@id\":\"https:\\\/\\\/rscj-jpic.org\\\/es\\\/#organization\",\"name\":\"JPIC\",\"url\":\"https:\\\/\\\/rscj-jpic.org\\\/es\\\/\",\"logo\":{\"@type\":\"ImageObject\",\"inLanguage\":\"es\",\"@id\":\"https:\\\/\\\/rscj-jpic.org\\\/es\\\/#\\\/schema\\\/logo\\\/image\\\/\",\"url\":\"https:\\\/\\\/rscj-jpic.org\\\/wp-content\\\/uploads\\\/2025\\\/10\\\/rscj-jpic-logo-recolorise.png\",\"contentUrl\":\"https:\\\/\\\/rscj-jpic.org\\\/wp-content\\\/uploads\\\/2025\\\/10\\\/rscj-jpic-logo-recolorise.png\",\"width\":125,\"height\":170,\"caption\":\"JPIC\"},\"image\":{\"@id\":\"https:\\\/\\\/rscj-jpic.org\\\/es\\\/#\\\/schema\\\/logo\\\/image\\\/\"},\"sameAs\":[\"https:\\\/\\\/www.facebook.com\\\/rscjpicinternational\\\/\"]},{\"@type\":\"Person\",\"@id\":\"https:\\\/\\\/rscj-jpic.org\\\/es\\\/#\\\/schema\\\/person\\\/9b0e8dff1b77a0c1169c8916fede4d37\",\"name\":\"adminjpiclh\",\"image\":{\"@type\":\"ImageObject\",\"inLanguage\":\"es\",\"@id\":\"https:\\\/\\\/secure.gravatar.com\\\/avatar\\\/f774dec0de79f1f23532bbf1b7d1a2bd753e4621dca994555c7a05abf8da829a?s=96&d=mm&r=g\",\"url\":\"https:\\\/\\\/secure.gravatar.com\\\/avatar\\\/f774dec0de79f1f23532bbf1b7d1a2bd753e4621dca994555c7a05abf8da829a?s=96&d=mm&r=g\",\"contentUrl\":\"https:\\\/\\\/secure.gravatar.com\\\/avatar\\\/f774dec0de79f1f23532bbf1b7d1a2bd753e4621dca994555c7a05abf8da829a?s=96&d=mm&r=g\",\"caption\":\"adminjpiclh\"},\"sameAs\":[\"https:\\\/\\\/rscj-jpic.org\"],\"url\":\"https:\\\/\\\/rscj-jpic.org\\\/es\\\/author\\\/adminjpiclh\\\/\"}]}<\/script>\n<!-- \/ Yoast SEO plugin. -->","yoast_head_json":{"title":"Gu\u00eda de oraci\u00f3n JPIC \u2013 1\u00aa Semana de Adviento - JPIC Learning Hub","robots":{"index":"index","follow":"follow","max-snippet":"max-snippet:-1","max-image-preview":"max-image-preview:large","max-video-preview":"max-video-preview:-1"},"canonical":"https:\/\/rscj-jpic.org\/es\/guia-de-oracion-jpic-1a-semana-de-adviento\/","og_locale":"es_ES","og_type":"article","og_title":"Gu\u00eda de oraci\u00f3n JPIC \u2013 1\u00aa Semana de Adviento - JPIC Learning Hub","og_description":"Este a\u00f1o, nuestros libritos de oraci\u00f3n de Adviento estar\u00e1n inspirados [...]","og_url":"https:\/\/rscj-jpic.org\/es\/guia-de-oracion-jpic-1a-semana-de-adviento\/","og_site_name":"JPIC Learning Hub","article_publisher":"https:\/\/www.facebook.com\/rscjpicinternational\/","article_published_time":"2024-11-28T18:13:00+00:00","article_modified_time":"2025-11-28T10:16:55+00:00","og_image":[{"width":851,"height":315,"url":"https:\/\/rscj-jpic.org\/wp-content\/uploads\/2024\/11\/5_8.png","type":"image\/png"}],"author":"adminjpiclh","twitter_card":"summary_large_image","twitter_misc":{"Escrito por":"adminjpiclh","Tiempo de lectura":"1 minuto"},"schema":{"@context":"https:\/\/schema.org","@graph":[{"@type":"Article","@id":"https:\/\/rscj-jpic.org\/es\/guia-de-oracion-jpic-1a-semana-de-adviento\/#article","isPartOf":{"@id":"https:\/\/rscj-jpic.org\/es\/guia-de-oracion-jpic-1a-semana-de-adviento\/"},"author":{"name":"adminjpiclh","@id":"https:\/\/rscj-jpic.org\/es\/#\/schema\/person\/9b0e8dff1b77a0c1169c8916fede4d37"},"headline":"Gu\u00eda de oraci\u00f3n JPIC \u2013 1\u00aa Semana de Adviento","datePublished":"2024-11-28T18:13:00+00:00","dateModified":"2025-11-28T10:16:55+00:00","mainEntityOfPage":{"@id":"https:\/\/rscj-jpic.org\/es\/guia-de-oracion-jpic-1a-semana-de-adviento\/"},"wordCount":126,"publisher":{"@id":"https:\/\/rscj-jpic.org\/es\/#organization"},"image":{"@id":"https:\/\/rscj-jpic.org\/es\/guia-de-oracion-jpic-1a-semana-de-adviento\/#primaryimage"},"thumbnailUrl":"https:\/\/rscj-jpic.org\/wp-content\/uploads\/2024\/11\/5_8.png","articleSection":["Gu\u00edas de oraci\u00f3n JPIC (Adviento - Cuaresma)","orar"],"inLanguage":"es"},{"@type":"WebPage","@id":"https:\/\/rscj-jpic.org\/es\/guia-de-oracion-jpic-1a-semana-de-adviento\/","url":"https:\/\/rscj-jpic.org\/es\/guia-de-oracion-jpic-1a-semana-de-adviento\/","name":"Gu\u00eda de oraci\u00f3n JPIC \u2013 1\u00aa Semana de Adviento - JPIC Learning Hub","isPartOf":{"@id":"https:\/\/rscj-jpic.org\/es\/#website"},"primaryImageOfPage":{"@id":"https:\/\/rscj-jpic.org\/es\/guia-de-oracion-jpic-1a-semana-de-adviento\/#primaryimage"},"image":{"@id":"https:\/\/rscj-jpic.org\/es\/guia-de-oracion-jpic-1a-semana-de-adviento\/#primaryimage"},"thumbnailUrl":"https:\/\/rscj-jpic.org\/wp-content\/uploads\/2024\/11\/5_8.png","datePublished":"2024-11-28T18:13:00+00:00","dateModified":"2025-11-28T10:16:55+00:00","breadcrumb":{"@id":"https:\/\/rscj-jpic.org\/es\/guia-de-oracion-jpic-1a-semana-de-adviento\/#breadcrumb"},"inLanguage":"es","potentialAction":[{"@type":"ReadAction","target":["https:\/\/rscj-jpic.org\/es\/guia-de-oracion-jpic-1a-semana-de-adviento\/"]}]},{"@type":"ImageObject","inLanguage":"es","@id":"https:\/\/rscj-jpic.org\/es\/guia-de-oracion-jpic-1a-semana-de-adviento\/#primaryimage","url":"https:\/\/rscj-jpic.org\/wp-content\/uploads\/2024\/11\/5_8.png","contentUrl":"https:\/\/rscj-jpic.org\/wp-content\/uploads\/2024\/11\/5_8.png","width":851,"height":315},{"@type":"BreadcrumbList","@id":"https:\/\/rscj-jpic.org\/es\/guia-de-oracion-jpic-1a-semana-de-adviento\/#breadcrumb","itemListElement":[{"@type":"ListItem","position":1,"name":"Home","item":"https:\/\/rscj-jpic.org\/"},{"@type":"ListItem","position":2,"name":"Gu\u00eda de oraci\u00f3n JPIC \u2013 1\u00aa Semana de Adviento"}]},{"@type":"WebSite","@id":"https:\/\/rscj-jpic.org\/es\/#website","url":"https:\/\/rscj-jpic.org\/es\/","name":"JPIC Learning Hub","description":"","publisher":{"@id":"https:\/\/rscj-jpic.org\/es\/#organization"},"potentialAction":[{"@type":"SearchAction","target":{"@type":"EntryPoint","urlTemplate":"https:\/\/rscj-jpic.org\/es\/?s={search_term_string}"},"query-input":{"@type":"PropertyValueSpecification","valueRequired":true,"valueName":"search_term_string"}}],"inLanguage":"es"},{"@type":"Organization","@id":"https:\/\/rscj-jpic.org\/es\/#organization","name":"JPIC","url":"https:\/\/rscj-jpic.org\/es\/","logo":{"@type":"ImageObject","inLanguage":"es","@id":"https:\/\/rscj-jpic.org\/es\/#\/schema\/logo\/image\/","url":"https:\/\/rscj-jpic.org\/wp-content\/uploads\/2025\/10\/rscj-jpic-logo-recolorise.png","contentUrl":"https:\/\/rscj-jpic.org\/wp-content\/uploads\/2025\/10\/rscj-jpic-logo-recolorise.png","width":125,"height":170,"caption":"JPIC"},"image":{"@id":"https:\/\/rscj-jpic.org\/es\/#\/schema\/logo\/image\/"},"sameAs":["https:\/\/www.facebook.com\/rscjpicinternational\/"]},{"@type":"Person","@id":"https:\/\/rscj-jpic.org\/es\/#\/schema\/person\/9b0e8dff1b77a0c1169c8916fede4d37","name":"adminjpiclh","image":{"@type":"ImageObject","inLanguage":"es","@id":"https:\/\/secure.gravatar.com\/avatar\/f774dec0de79f1f23532bbf1b7d1a2bd753e4621dca994555c7a05abf8da829a?s=96&d=mm&r=g","url":"https:\/\/secure.gravatar.com\/avatar\/f774dec0de79f1f23532bbf1b7d1a2bd753e4621dca994555c7a05abf8da829a?s=96&d=mm&r=g","contentUrl":"https:\/\/secure.gravatar.com\/avatar\/f774dec0de79f1f23532bbf1b7d1a2bd753e4621dca994555c7a05abf8da829a?s=96&d=mm&r=g","caption":"adminjpiclh"},"sameAs":["https:\/\/rscj-jpic.org"],"url":"https:\/\/rscj-jpic.org\/es\/author\/adminjpiclh\/"}]}},"_links":{"self":[{"href":"https:\/\/rscj-jpic.org\/es\/wp-json\/wp\/v2\/posts\/4460","targetHints":{"allow":["GET"]}}],"collection":[{"href":"https:\/\/rscj-jpic.org\/es\/wp-json\/wp\/v2\/posts"}],"about":[{"href":"https:\/\/rscj-jpic.org\/es\/wp-json\/wp\/v2\/types\/post"}],"author":[{"embeddable":true,"href":"https:\/\/rscj-jpic.org\/es\/wp-json\/wp\/v2\/users\/1"}],"replies":[{"embeddable":true,"href":"https:\/\/rscj-jpic.org\/es\/wp-json\/wp\/v2\/comments?post=4460"}],"version-history":[{"count":1,"href":"https:\/\/rscj-jpic.org\/es\/wp-json\/wp\/v2\/posts\/4460\/revisions"}],"predecessor-version":[{"id":4817,"href":"https:\/\/rscj-jpic.org\/es\/wp-json\/wp\/v2\/posts\/4460\/revisions\/4817"}],"wp:featuredmedia":[{"embeddable":true,"href":"https:\/\/rscj-jpic.org\/es\/wp-json\/wp\/v2\/media\/4461"}],"wp:attachment":[{"href":"https:\/\/rscj-jpic.org\/es\/wp-json\/wp\/v2\/media?parent=4460"}],"wp:term":[{"taxonomy":"category","embeddable":true,"href":"https:\/\/rscj-jpic.org\/es\/wp-json\/wp\/v2\/categories?post=4460"},{"taxonomy":"post_tag","embeddable":true,"href":"https:\/\/rscj-jpic.org\/es\/wp-json\/wp\/v2\/tags?post=4460"},{"taxonomy":"imperative","embeddable":true,"href":"https:\/\/rscj-jpic.org\/es\/wp-json\/wp\/v2\/imperative?post=4460"}],"curies":[{"name":"wp","href":"https:\/\/api.w.org\/{rel}","templated":true}]}}