{"id":4075,"date":"2022-04-13T11:12:00","date_gmt":"2022-04-13T11:12:00","guid":{"rendered":"https:\/\/rscj-jpic.acck2.fr\/orando-con-las-7-palabras-de-jesus-en-la-cruz-2\/"},"modified":"2026-01-13T11:38:05","modified_gmt":"2026-01-13T11:38:05","slug":"orando-con-las-7-palabras-de-jesus-en-la-cruz-2","status":"publish","type":"post","link":"https:\/\/rscj-jpic.org\/es\/orando-con-las-7-palabras-de-jesus-en-la-cruz-2\/","title":{"rendered":"Orando con las 7 Palabras de Jes\u00fas en la Cruz"},"content":{"rendered":"<p><img decoding=\"async\" alt=\"\" data-align=\"right\" data-file-id=\"2633\" src=\"\/files\/inline-images\/royn.png\" width=\"300\" \/><\/p>\n<p>Hoy es ese d\u00eda en que el mundo fue testigo de las poderosas 7palabras que brotaron de la profundidad del &#8216;amor genuino&#8217; (Jes\u00fas) que fue crucificado y traspasado. \u2018El amor\u2019 que avergonz\u00f3 en su totalidad al mundo. \u2018El amor\u2019 que vivi\u00f3 su compromiso hasta la \u00faltima gota de sangre. Nunca perdi\u00f3 su calidad exclusiva incluso en la situaci\u00f3n m\u00e1s hostil. Si nos apropiamos del Marga (camino) de Jes\u00fas, la cruz y la muerte son inevitables.<\/p>\n<p>El sufrimiento y la muerte de Jes\u00fas no es s\u00f3lo un acontecimiento del pasado. Hoy, cuando miramos a nuestro alrededor con los ojos de la fe, observamos que Cristo continuamente est\u00e1 siendo crucificado.<\/p>\n<p>Contemplemos estas palabras de Jes\u00fas desde la Cruz en lo m\u00e1s profundo de nuestro ser interior permiti\u00e9ndoles hacer eco de las realidades del mundo de hoy y de mi respuesta a ellas. (Pausa):<\/p>\n<p><img decoding=\"async\" alt=\"\" data-align=\"center\" data-file-id=\"2660\" src=\"\/files\/inline-images\/slide5.png\" width=\"900\" \/><img decoding=\"async\" alt=\"\" data-align=\"center\" data-file-id=\"2661\" src=\"\/files\/inline-images\/slide6.png\" width=\"900\" \/><\/p>\n<p class=\"indent7\">\n<h5 class=\"text-align-center\"><strong>Oraci\u00f3n de Intercesi\u00f3n<\/strong><\/h5>\n<p class=\"text-align-center\"><sup><span class=\"credit\">(El l\u00edder lee la siguiente letan\u00eda en rojo, la respuesta en negro)<\/span><\/sup><\/p>\n<p><img decoding=\"async\" alt=\"\" data-align=\"center\" data-file-id=\"2663\" src=\"\/files\/inline-images\/slide7.png\" width=\"700\" \/><img decoding=\"async\" alt=\"\" data-align=\"center\" data-file-id=\"2664\" src=\"\/files\/inline-images\/slide8.png\" width=\"700\" \/><\/p>\n<p class=\"text-align-center\"><sup>(Adaptado del arzobispo Domenico Battaglia de N\u00e1poles, oraci\u00f3n por la guerra entre Ucrania y Rusia)<\/sup><\/p>\n<p class=\"text-align-right\"><span><span><span>Daphne Sequeira RSCJ<\/span><\/span><\/span><\/p>\n<p class=\"text-align-center\">\n<p class=\"indent2 text-align-center\"><a href=\"https:\/\/rscj-jpic.org\/wp-content\/uploads\/2025\/11\/7_ultimas_palabras_oracion.pdf\"><span class=\"underline\"><strong>Haz clic aqu\u00ed para descargar la Oraci\u00f3n de las 7 \u00daltimas Palabras.<\/strong><\/span><\/a><\/p>\n<p class=\"indent2 text-align-center\">\n","protected":false},"excerpt":{"rendered":"<p>Hoy es ese d\u00eda en que el mundo fue testigo  [&#8230;]<\/p>\n","protected":false},"author":1,"featured_media":3269,"comment_status":"closed","ping_status":"open","sticky":false,"template":"","format":"standard","meta":{"_acf_changed":false,"_price":"","_stock":"","_tribe_ticket_header":"","_tribe_default_ticket_provider":"","_tribe_ticket_capacity":"","_ticket_start_date":"","_ticket_end_date":"","_tribe_ticket_show_description":"","_tribe_ticket_show_not_going":false,"_tribe_ticket_use_global_stock":"","_tribe_ticket_global_stock_level":"","_global_stock_mode":"","_global_stock_cap":"","_tribe_rsvp_for_event":"","_tribe_ticket_going_count":"","_tribe_ticket_not_going_count":"","_tribe_tickets_list":"[]","_tribe_ticket_has_attendee_info_fields":false,"footnotes":""},"categories":[23],"tags":[],"imperative":[],"class_list":["post-4075","post","type-post","status-publish","format-standard","has-post-thumbnail","hentry","category-sin-categoria"],"acf":[],"yoast_head":"<!-- This site is optimized with the Yoast SEO plugin v27.2 - https:\/\/yoast.com\/product\/yoast-seo-wordpress\/ -->\n<title>Orando con las 7 Palabras de Jes\u00fas en la Cruz - JPIC Learning Hub<\/title>\n<meta name=\"robots\" content=\"index, follow, max-snippet:-1, max-image-preview:large, max-video-preview:-1\" \/>\n<link rel=\"canonical\" href=\"https:\/\/rscj-jpic.org\/es\/orando-con-las-7-palabras-de-jesus-en-la-cruz-2\/\" \/>\n<meta property=\"og:locale\" content=\"es_ES\" \/>\n<meta property=\"og:type\" content=\"article\" \/>\n<meta property=\"og:title\" content=\"Orando con las 7 Palabras de Jes\u00fas en la Cruz - JPIC Learning Hub\" \/>\n<meta property=\"og:description\" content=\"Hoy es ese d\u00eda en que el mundo fue testigo [...]\" \/>\n<meta property=\"og:url\" content=\"https:\/\/rscj-jpic.org\/es\/orando-con-las-7-palabras-de-jesus-en-la-cruz-2\/\" \/>\n<meta property=\"og:site_name\" content=\"JPIC Learning Hub\" \/>\n<meta property=\"article:publisher\" content=\"https:\/\/www.facebook.com\/rscjpicinternational\/\" \/>\n<meta property=\"article:published_time\" content=\"2022-04-13T11:12:00+00:00\" \/>\n<meta property=\"article:modified_time\" content=\"2026-01-13T11:38:05+00:00\" \/>\n<meta property=\"og:image\" content=\"https:\/\/rscj-jpic.org\/wp-content\/uploads\/2022\/04\/royn.png\" \/>\n\t<meta property=\"og:image:width\" content=\"348\" \/>\n\t<meta property=\"og:image:height\" content=\"344\" \/>\n\t<meta property=\"og:image:type\" content=\"image\/png\" \/>\n<meta name=\"author\" content=\"adminjpiclh\" \/>\n<meta name=\"twitter:card\" content=\"summary_large_image\" \/>\n<meta name=\"twitter:label1\" content=\"Escrito por\" \/>\n\t<meta name=\"twitter:data1\" content=\"adminjpiclh\" \/>\n\t<meta name=\"twitter:label2\" content=\"Tiempo de lectura\" \/>\n\t<meta name=\"twitter:data2\" content=\"1 minuto\" \/>\n<script type=\"application\/ld+json\" class=\"yoast-schema-graph\">{\"@context\":\"https:\/\/schema.org\",\"@graph\":[{\"@type\":\"Article\",\"@id\":\"https:\/\/rscj-jpic.org\/es\/orando-con-las-7-palabras-de-jesus-en-la-cruz-2\/#article\",\"isPartOf\":{\"@id\":\"https:\/\/rscj-jpic.org\/es\/orando-con-las-7-palabras-de-jesus-en-la-cruz-2\/\"},\"author\":{\"name\":\"adminjpiclh\",\"@id\":\"https:\/\/rscj-jpic.org\/es\/#\/schema\/person\/9b0e8dff1b77a0c1169c8916fede4d37\"},\"headline\":\"Orando con las 7 Palabras de Jes\u00fas en la Cruz\",\"datePublished\":\"2022-04-13T11:12:00+00:00\",\"dateModified\":\"2026-01-13T11:38:05+00:00\",\"mainEntityOfPage\":{\"@id\":\"https:\/\/rscj-jpic.org\/es\/orando-con-las-7-palabras-de-jesus-en-la-cruz-2\/\"},\"wordCount\":212,\"publisher\":{\"@id\":\"https:\/\/rscj-jpic.org\/es\/#organization\"},\"image\":{\"@id\":\"https:\/\/rscj-jpic.org\/es\/orando-con-las-7-palabras-de-jesus-en-la-cruz-2\/#primaryimage\"},\"thumbnailUrl\":\"https:\/\/rscj-jpic.org\/wp-content\/uploads\/2022\/04\/royn.png\",\"inLanguage\":\"es\"},{\"@type\":\"WebPage\",\"@id\":\"https:\/\/rscj-jpic.org\/es\/orando-con-las-7-palabras-de-jesus-en-la-cruz-2\/\",\"url\":\"https:\/\/rscj-jpic.org\/es\/orando-con-las-7-palabras-de-jesus-en-la-cruz-2\/\",\"name\":\"Orando con las 7 Palabras de Jes\u00fas en la Cruz - JPIC Learning Hub\",\"isPartOf\":{\"@id\":\"https:\/\/rscj-jpic.org\/es\/#website\"},\"primaryImageOfPage\":{\"@id\":\"https:\/\/rscj-jpic.org\/es\/orando-con-las-7-palabras-de-jesus-en-la-cruz-2\/#primaryimage\"},\"image\":{\"@id\":\"https:\/\/rscj-jpic.org\/es\/orando-con-las-7-palabras-de-jesus-en-la-cruz-2\/#primaryimage\"},\"thumbnailUrl\":\"https:\/\/rscj-jpic.org\/wp-content\/uploads\/2022\/04\/royn.png\",\"datePublished\":\"2022-04-13T11:12:00+00:00\",\"dateModified\":\"2026-01-13T11:38:05+00:00\",\"breadcrumb\":{\"@id\":\"https:\/\/rscj-jpic.org\/es\/orando-con-las-7-palabras-de-jesus-en-la-cruz-2\/#breadcrumb\"},\"inLanguage\":\"es\",\"potentialAction\":[{\"@type\":\"ReadAction\",\"target\":[\"https:\/\/rscj-jpic.org\/es\/orando-con-las-7-palabras-de-jesus-en-la-cruz-2\/\"]}]},{\"@type\":\"ImageObject\",\"inLanguage\":\"es\",\"@id\":\"https:\/\/rscj-jpic.org\/es\/orando-con-las-7-palabras-de-jesus-en-la-cruz-2\/#primaryimage\",\"url\":\"https:\/\/rscj-jpic.org\/wp-content\/uploads\/2022\/04\/royn.png\",\"contentUrl\":\"https:\/\/rscj-jpic.org\/wp-content\/uploads\/2022\/04\/royn.png\",\"width\":348,\"height\":344},{\"@type\":\"BreadcrumbList\",\"@id\":\"https:\/\/rscj-jpic.org\/es\/orando-con-las-7-palabras-de-jesus-en-la-cruz-2\/#breadcrumb\",\"itemListElement\":[{\"@type\":\"ListItem\",\"position\":1,\"name\":\"Home\",\"item\":\"https:\/\/rscj-jpic.org\/\"},{\"@type\":\"ListItem\",\"position\":2,\"name\":\"Orando con las 7 Palabras de Jes\u00fas en la Cruz\"}]},{\"@type\":\"WebSite\",\"@id\":\"https:\/\/rscj-jpic.org\/es\/#website\",\"url\":\"https:\/\/rscj-jpic.org\/es\/\",\"name\":\"JPIC Learning Hub\",\"description\":\"\",\"publisher\":{\"@id\":\"https:\/\/rscj-jpic.org\/es\/#organization\"},\"potentialAction\":[{\"@type\":\"SearchAction\",\"target\":{\"@type\":\"EntryPoint\",\"urlTemplate\":\"https:\/\/rscj-jpic.org\/es\/?s={search_term_string}\"},\"query-input\":{\"@type\":\"PropertyValueSpecification\",\"valueRequired\":true,\"valueName\":\"search_term_string\"}}],\"inLanguage\":\"es\"},{\"@type\":\"Organization\",\"@id\":\"https:\/\/rscj-jpic.org\/es\/#organization\",\"name\":\"JPIC\",\"url\":\"https:\/\/rscj-jpic.org\/es\/\",\"logo\":{\"@type\":\"ImageObject\",\"inLanguage\":\"es\",\"@id\":\"https:\/\/rscj-jpic.org\/es\/#\/schema\/logo\/image\/\",\"url\":\"https:\/\/rscj-jpic.org\/wp-content\/uploads\/2025\/10\/rscj-jpic-logo-recolorise.png\",\"contentUrl\":\"https:\/\/rscj-jpic.org\/wp-content\/uploads\/2025\/10\/rscj-jpic-logo-recolorise.png\",\"width\":125,\"height\":170,\"caption\":\"JPIC\"},\"image\":{\"@id\":\"https:\/\/rscj-jpic.org\/es\/#\/schema\/logo\/image\/\"},\"sameAs\":[\"https:\/\/www.facebook.com\/rscjpicinternational\/\"]},{\"@type\":\"Person\",\"@id\":\"https:\/\/rscj-jpic.org\/es\/#\/schema\/person\/9b0e8dff1b77a0c1169c8916fede4d37\",\"name\":\"adminjpiclh\",\"image\":{\"@type\":\"ImageObject\",\"inLanguage\":\"es\",\"@id\":\"https:\/\/secure.gravatar.com\/avatar\/f774dec0de79f1f23532bbf1b7d1a2bd753e4621dca994555c7a05abf8da829a?s=96&d=mm&r=g\",\"url\":\"https:\/\/secure.gravatar.com\/avatar\/f774dec0de79f1f23532bbf1b7d1a2bd753e4621dca994555c7a05abf8da829a?s=96&d=mm&r=g\",\"contentUrl\":\"https:\/\/secure.gravatar.com\/avatar\/f774dec0de79f1f23532bbf1b7d1a2bd753e4621dca994555c7a05abf8da829a?s=96&d=mm&r=g\",\"caption\":\"adminjpiclh\"},\"sameAs\":[\"https:\/\/rscj-jpic.org\"],\"url\":\"https:\/\/rscj-jpic.org\/es\/author\/adminjpiclh\/\"}]}<\/script>\n<!-- \/ Yoast SEO plugin. -->","yoast_head_json":{"title":"Orando con las 7 Palabras de Jes\u00fas en la Cruz - JPIC Learning Hub","robots":{"index":"index","follow":"follow","max-snippet":"max-snippet:-1","max-image-preview":"max-image-preview:large","max-video-preview":"max-video-preview:-1"},"canonical":"https:\/\/rscj-jpic.org\/es\/orando-con-las-7-palabras-de-jesus-en-la-cruz-2\/","og_locale":"es_ES","og_type":"article","og_title":"Orando con las 7 Palabras de Jes\u00fas en la Cruz - JPIC Learning Hub","og_description":"Hoy es ese d\u00eda en que el mundo fue testigo [...]","og_url":"https:\/\/rscj-jpic.org\/es\/orando-con-las-7-palabras-de-jesus-en-la-cruz-2\/","og_site_name":"JPIC Learning Hub","article_publisher":"https:\/\/www.facebook.com\/rscjpicinternational\/","article_published_time":"2022-04-13T11:12:00+00:00","article_modified_time":"2026-01-13T11:38:05+00:00","og_image":[{"width":348,"height":344,"url":"https:\/\/rscj-jpic.org\/wp-content\/uploads\/2022\/04\/royn.png","type":"image\/png"}],"author":"adminjpiclh","twitter_card":"summary_large_image","twitter_misc":{"Escrito por":"adminjpiclh","Tiempo de lectura":"1 minuto"},"schema":{"@context":"https:\/\/schema.org","@graph":[{"@type":"Article","@id":"https:\/\/rscj-jpic.org\/es\/orando-con-las-7-palabras-de-jesus-en-la-cruz-2\/#article","isPartOf":{"@id":"https:\/\/rscj-jpic.org\/es\/orando-con-las-7-palabras-de-jesus-en-la-cruz-2\/"},"author":{"name":"adminjpiclh","@id":"https:\/\/rscj-jpic.org\/es\/#\/schema\/person\/9b0e8dff1b77a0c1169c8916fede4d37"},"headline":"Orando con las 7 Palabras de Jes\u00fas en la Cruz","datePublished":"2022-04-13T11:12:00+00:00","dateModified":"2026-01-13T11:38:05+00:00","mainEntityOfPage":{"@id":"https:\/\/rscj-jpic.org\/es\/orando-con-las-7-palabras-de-jesus-en-la-cruz-2\/"},"wordCount":212,"publisher":{"@id":"https:\/\/rscj-jpic.org\/es\/#organization"},"image":{"@id":"https:\/\/rscj-jpic.org\/es\/orando-con-las-7-palabras-de-jesus-en-la-cruz-2\/#primaryimage"},"thumbnailUrl":"https:\/\/rscj-jpic.org\/wp-content\/uploads\/2022\/04\/royn.png","inLanguage":"es"},{"@type":"WebPage","@id":"https:\/\/rscj-jpic.org\/es\/orando-con-las-7-palabras-de-jesus-en-la-cruz-2\/","url":"https:\/\/rscj-jpic.org\/es\/orando-con-las-7-palabras-de-jesus-en-la-cruz-2\/","name":"Orando con las 7 Palabras de Jes\u00fas en la Cruz - JPIC Learning Hub","isPartOf":{"@id":"https:\/\/rscj-jpic.org\/es\/#website"},"primaryImageOfPage":{"@id":"https:\/\/rscj-jpic.org\/es\/orando-con-las-7-palabras-de-jesus-en-la-cruz-2\/#primaryimage"},"image":{"@id":"https:\/\/rscj-jpic.org\/es\/orando-con-las-7-palabras-de-jesus-en-la-cruz-2\/#primaryimage"},"thumbnailUrl":"https:\/\/rscj-jpic.org\/wp-content\/uploads\/2022\/04\/royn.png","datePublished":"2022-04-13T11:12:00+00:00","dateModified":"2026-01-13T11:38:05+00:00","breadcrumb":{"@id":"https:\/\/rscj-jpic.org\/es\/orando-con-las-7-palabras-de-jesus-en-la-cruz-2\/#breadcrumb"},"inLanguage":"es","potentialAction":[{"@type":"ReadAction","target":["https:\/\/rscj-jpic.org\/es\/orando-con-las-7-palabras-de-jesus-en-la-cruz-2\/"]}]},{"@type":"ImageObject","inLanguage":"es","@id":"https:\/\/rscj-jpic.org\/es\/orando-con-las-7-palabras-de-jesus-en-la-cruz-2\/#primaryimage","url":"https:\/\/rscj-jpic.org\/wp-content\/uploads\/2022\/04\/royn.png","contentUrl":"https:\/\/rscj-jpic.org\/wp-content\/uploads\/2022\/04\/royn.png","width":348,"height":344},{"@type":"BreadcrumbList","@id":"https:\/\/rscj-jpic.org\/es\/orando-con-las-7-palabras-de-jesus-en-la-cruz-2\/#breadcrumb","itemListElement":[{"@type":"ListItem","position":1,"name":"Home","item":"https:\/\/rscj-jpic.org\/"},{"@type":"ListItem","position":2,"name":"Orando con las 7 Palabras de Jes\u00fas en la Cruz"}]},{"@type":"WebSite","@id":"https:\/\/rscj-jpic.org\/es\/#website","url":"https:\/\/rscj-jpic.org\/es\/","name":"JPIC Learning Hub","description":"","publisher":{"@id":"https:\/\/rscj-jpic.org\/es\/#organization"},"potentialAction":[{"@type":"SearchAction","target":{"@type":"EntryPoint","urlTemplate":"https:\/\/rscj-jpic.org\/es\/?s={search_term_string}"},"query-input":{"@type":"PropertyValueSpecification","valueRequired":true,"valueName":"search_term_string"}}],"inLanguage":"es"},{"@type":"Organization","@id":"https:\/\/rscj-jpic.org\/es\/#organization","name":"JPIC","url":"https:\/\/rscj-jpic.org\/es\/","logo":{"@type":"ImageObject","inLanguage":"es","@id":"https:\/\/rscj-jpic.org\/es\/#\/schema\/logo\/image\/","url":"https:\/\/rscj-jpic.org\/wp-content\/uploads\/2025\/10\/rscj-jpic-logo-recolorise.png","contentUrl":"https:\/\/rscj-jpic.org\/wp-content\/uploads\/2025\/10\/rscj-jpic-logo-recolorise.png","width":125,"height":170,"caption":"JPIC"},"image":{"@id":"https:\/\/rscj-jpic.org\/es\/#\/schema\/logo\/image\/"},"sameAs":["https:\/\/www.facebook.com\/rscjpicinternational\/"]},{"@type":"Person","@id":"https:\/\/rscj-jpic.org\/es\/#\/schema\/person\/9b0e8dff1b77a0c1169c8916fede4d37","name":"adminjpiclh","image":{"@type":"ImageObject","inLanguage":"es","@id":"https:\/\/secure.gravatar.com\/avatar\/f774dec0de79f1f23532bbf1b7d1a2bd753e4621dca994555c7a05abf8da829a?s=96&d=mm&r=g","url":"https:\/\/secure.gravatar.com\/avatar\/f774dec0de79f1f23532bbf1b7d1a2bd753e4621dca994555c7a05abf8da829a?s=96&d=mm&r=g","contentUrl":"https:\/\/secure.gravatar.com\/avatar\/f774dec0de79f1f23532bbf1b7d1a2bd753e4621dca994555c7a05abf8da829a?s=96&d=mm&r=g","caption":"adminjpiclh"},"sameAs":["https:\/\/rscj-jpic.org"],"url":"https:\/\/rscj-jpic.org\/es\/author\/adminjpiclh\/"}]}},"_links":{"self":[{"href":"https:\/\/rscj-jpic.org\/es\/wp-json\/wp\/v2\/posts\/4075","targetHints":{"allow":["GET"]}}],"collection":[{"href":"https:\/\/rscj-jpic.org\/es\/wp-json\/wp\/v2\/posts"}],"about":[{"href":"https:\/\/rscj-jpic.org\/es\/wp-json\/wp\/v2\/types\/post"}],"author":[{"embeddable":true,"href":"https:\/\/rscj-jpic.org\/es\/wp-json\/wp\/v2\/users\/1"}],"replies":[{"embeddable":true,"href":"https:\/\/rscj-jpic.org\/es\/wp-json\/wp\/v2\/comments?post=4075"}],"version-history":[{"count":1,"href":"https:\/\/rscj-jpic.org\/es\/wp-json\/wp\/v2\/posts\/4075\/revisions"}],"predecessor-version":[{"id":4635,"href":"https:\/\/rscj-jpic.org\/es\/wp-json\/wp\/v2\/posts\/4075\/revisions\/4635"}],"wp:featuredmedia":[{"embeddable":true,"href":"https:\/\/rscj-jpic.org\/es\/wp-json\/wp\/v2\/media\/3269"}],"wp:attachment":[{"href":"https:\/\/rscj-jpic.org\/es\/wp-json\/wp\/v2\/media?parent=4075"}],"wp:term":[{"taxonomy":"category","embeddable":true,"href":"https:\/\/rscj-jpic.org\/es\/wp-json\/wp\/v2\/categories?post=4075"},{"taxonomy":"post_tag","embeddable":true,"href":"https:\/\/rscj-jpic.org\/es\/wp-json\/wp\/v2\/tags?post=4075"},{"taxonomy":"imperative","embeddable":true,"href":"https:\/\/rscj-jpic.org\/es\/wp-json\/wp\/v2\/imperative?post=4075"}],"curies":[{"name":"wp","href":"https:\/\/api.w.org\/{rel}","templated":true}]}}