{"id":3029,"date":"2021-09-11T02:42:00","date_gmt":"2021-09-11T02:42:00","guid":{"rendered":"https:\/\/rscj-jpic.acck2.fr\/el-desafio-de-la-migracion-de-las-personas\/"},"modified":"2026-01-13T11:37:51","modified_gmt":"2026-01-13T11:37:51","slug":"el-desafio-de-la-migracion-de-las-personas","status":"publish","type":"post","link":"https:\/\/rscj-jpic.org\/es\/el-desafio-de-la-migracion-de-las-personas\/","title":{"rendered":"El desaf\u00edo de la migraci\u00f3n de las personas"},"content":{"rendered":"<p><img decoding=\"async\" alt=\"\" data-align=\"right\" data-file-id=\"1246\" src=\"\/files\/inline-images\/cover-eng_cs-webinar-series.png\" width=\"500\" \/><\/p>\n<p>El <span class=\"underline\"><a href=\"https:\/\/peoplesmigrationchallenge.org\/\"><strong>Desaf\u00edo de la Migraci\u00f3n de las Personas<\/strong><\/a><\/span> crea una plataforma para que la sociedad civil, los migrantes y otras partes interesadas creen un movimiento de solidaridad con el objetivo de identificar soluciones a los problemas relacionados con la migraci\u00f3n que est\u00e9n orientadas a la acci\u00f3n, sean innovadoras, se basen en los derechos y est\u00e9n arraigadas en los ODS.<\/p>\n<p>La primera ronda de debates globales se celebr\u00f3 del 13 de abril al 18 de mayo de 2021. Haga clic en los enlaces de abajo para aprender m\u00e1s sobre las cinco \u00e1reas tem\u00e1ticas :<\/p>\n<ol>\n<li><strong><a href=\"https:\/\/peoplesmigrationchallenge.org\/migration-covid-19-and-a-new-social-contract\/\">Migraci\u00f3n, COVID-19 y el nuevo contrato social<\/a><\/strong><br \/>\n(Una p\u00e1gina tambi\u00e9n est\u00e1 disponible en breve <a href=\"https:\/\/rscj-jpic.org\/wp-content\/uploads\/2025\/11\/eng-migration-one-pager.pdf\">Ingl\u00e9s<\/a> &#8211; <a href=\"https:\/\/rscj-jpic.org\/wp-content\/uploads\/2025\/11\/frn-migration-one-pager.pdf\">Franc\u00e9s<\/a> &#8211; <a href=\"https:\/\/rscj-jpic.org\/wp-content\/uploads\/2025\/11\/migration-one-pager-arabic.pdf\">Ar\u00e1bica<\/a>)<\/li>\n<li><strong><a href=\"https:\/\/peoplesmigrationchallenge.org\/race-ethnicity-in-migration\/\">Raza y etnia en la migraci\u00f3n<\/a><\/strong><br \/>\n(Una p\u00e1gina tambi\u00e9n est\u00e1 disponible en breve <a href=\"https:\/\/rscj-jpic.org\/wp-content\/uploads\/2025\/11\/race-and-ethnicity-one-pager-english.pdf\">Ingl\u00e9s<\/a> &#8211; <a href=\"https:\/\/rscj-jpic.org\/wp-content\/uploads\/2025\/11\/race-and-ethnicity-one-pager-spanish.pdf\">Espa\u00f1ol<\/a> &#8211; <a href=\"https:\/\/rscj-jpic.org\/wp-content\/uploads\/2025\/11\/race-and-ethnicity-one-pager-french.pdf\">Franc\u00e9s<\/a> &#8211; <a href=\"https:\/\/rscj-jpic.org\/wp-content\/uploads\/2025\/11\/race-and-ethnicity-one-pager-arabic.pdf\">Ar\u00e1bica<\/a>)<\/li>\n<li><a href=\"https:\/\/peoplesmigrationchallenge.org\/regular-pathways-and-irregular-migration\/\"><strong>V\u00edas regulares y migraci\u00f3n irregular<\/strong><\/a><\/li>\n<li><a href=\"https:\/\/peoplesmigrationchallenge.org\/detention-and-return\/\"><strong>Detenci\u00f3n y retorno<\/strong><\/a><\/li>\n<li><a href=\"https:\/\/peoplesmigrationchallenge.org\/climate-change-and-migration-o\/\"><strong>Cambio clim\u00e1tico y migraci\u00f3n<\/strong><\/a><\/li>\n<\/ol><\/p>\n","protected":false},"excerpt":{"rendered":"<p>El Desaf\u00edo de la Migraci\u00f3n de las Personas crea una  [&#8230;]<\/p>\n","protected":false},"author":1,"featured_media":3021,"comment_status":"closed","ping_status":"open","sticky":false,"template":"","format":"standard","meta":{"_acf_changed":false,"_price":"","_stock":"","_tribe_ticket_header":"","_tribe_default_ticket_provider":"","_tribe_ticket_capacity":"","_ticket_start_date":"","_ticket_end_date":"","_tribe_ticket_show_description":"","_tribe_ticket_show_not_going":false,"_tribe_ticket_use_global_stock":"","_tribe_ticket_global_stock_level":"","_global_stock_mode":"","_global_stock_cap":"","_tribe_rsvp_for_event":"","_tribe_ticket_going_count":"","_tribe_ticket_not_going_count":"","_tribe_tickets_list":"[]","_tribe_ticket_has_attendee_info_fields":false,"footnotes":""},"categories":[23],"tags":[],"imperative":[],"class_list":["post-3029","post","type-post","status-publish","format-standard","has-post-thumbnail","hentry","category-sin-categoria"],"acf":[],"yoast_head":"<!-- This site is optimized with the Yoast SEO plugin v27.5 - https:\/\/yoast.com\/product\/yoast-seo-wordpress\/ -->\n<title>El desaf\u00edo de la migraci\u00f3n de las personas - JPIC Learning Hub<\/title>\n<meta name=\"robots\" content=\"index, follow, max-snippet:-1, max-image-preview:large, max-video-preview:-1\" \/>\n<link rel=\"canonical\" href=\"https:\/\/rscj-jpic.org\/es\/el-desafio-de-la-migracion-de-las-personas\/\" \/>\n<meta property=\"og:locale\" content=\"es_ES\" \/>\n<meta property=\"og:type\" content=\"article\" \/>\n<meta property=\"og:title\" content=\"El desaf\u00edo de la migraci\u00f3n de las personas - JPIC Learning Hub\" \/>\n<meta property=\"og:description\" content=\"El Desaf\u00edo de la Migraci\u00f3n de las Personas crea una [...]\" \/>\n<meta property=\"og:url\" content=\"https:\/\/rscj-jpic.org\/es\/el-desafio-de-la-migracion-de-las-personas\/\" \/>\n<meta property=\"og:site_name\" content=\"JPIC Learning Hub\" \/>\n<meta property=\"article:publisher\" content=\"https:\/\/www.facebook.com\/rscjpicinternational\/\" \/>\n<meta property=\"article:published_time\" content=\"2021-09-11T02:42:00+00:00\" \/>\n<meta property=\"article:modified_time\" content=\"2026-01-13T11:37:51+00:00\" \/>\n<meta property=\"og:image\" content=\"https:\/\/rscj-jpic.org\/wp-content\/uploads\/2021\/09\/cover-eng_cs-webinar-series.png\" \/>\n\t<meta property=\"og:image:width\" content=\"1640\" \/>\n\t<meta property=\"og:image:height\" content=\"924\" \/>\n\t<meta property=\"og:image:type\" content=\"image\/png\" \/>\n<meta name=\"author\" content=\"adminjpiclh\" \/>\n<meta name=\"twitter:card\" content=\"summary_large_image\" \/>\n<meta name=\"twitter:label1\" content=\"Escrito por\" \/>\n\t<meta name=\"twitter:data1\" content=\"adminjpiclh\" \/>\n\t<meta name=\"twitter:label2\" content=\"Tiempo de lectura\" \/>\n\t<meta name=\"twitter:data2\" content=\"1 minuto\" \/>\n<script type=\"application\/ld+json\" class=\"yoast-schema-graph\">{\"@context\":\"https:\\\/\\\/schema.org\",\"@graph\":[{\"@type\":\"Article\",\"@id\":\"https:\\\/\\\/rscj-jpic.org\\\/es\\\/el-desafio-de-la-migracion-de-las-personas\\\/#article\",\"isPartOf\":{\"@id\":\"https:\\\/\\\/rscj-jpic.org\\\/es\\\/el-desafio-de-la-migracion-de-las-personas\\\/\"},\"author\":{\"name\":\"adminjpiclh\",\"@id\":\"https:\\\/\\\/rscj-jpic.org\\\/es\\\/#\\\/schema\\\/person\\\/9b0e8dff1b77a0c1169c8916fede4d37\"},\"headline\":\"El desaf\u00edo de la migraci\u00f3n de las personas\",\"datePublished\":\"2021-09-11T02:42:00+00:00\",\"dateModified\":\"2026-01-13T11:37:51+00:00\",\"mainEntityOfPage\":{\"@id\":\"https:\\\/\\\/rscj-jpic.org\\\/es\\\/el-desafio-de-la-migracion-de-las-personas\\\/\"},\"wordCount\":176,\"publisher\":{\"@id\":\"https:\\\/\\\/rscj-jpic.org\\\/es\\\/#organization\"},\"image\":{\"@id\":\"https:\\\/\\\/rscj-jpic.org\\\/es\\\/el-desafio-de-la-migracion-de-las-personas\\\/#primaryimage\"},\"thumbnailUrl\":\"https:\\\/\\\/rscj-jpic.org\\\/wp-content\\\/uploads\\\/2021\\\/09\\\/cover-eng_cs-webinar-series.png\",\"inLanguage\":\"es\"},{\"@type\":\"WebPage\",\"@id\":\"https:\\\/\\\/rscj-jpic.org\\\/es\\\/el-desafio-de-la-migracion-de-las-personas\\\/\",\"url\":\"https:\\\/\\\/rscj-jpic.org\\\/es\\\/el-desafio-de-la-migracion-de-las-personas\\\/\",\"name\":\"El desaf\u00edo de la migraci\u00f3n de las personas - JPIC Learning Hub\",\"isPartOf\":{\"@id\":\"https:\\\/\\\/rscj-jpic.org\\\/es\\\/#website\"},\"primaryImageOfPage\":{\"@id\":\"https:\\\/\\\/rscj-jpic.org\\\/es\\\/el-desafio-de-la-migracion-de-las-personas\\\/#primaryimage\"},\"image\":{\"@id\":\"https:\\\/\\\/rscj-jpic.org\\\/es\\\/el-desafio-de-la-migracion-de-las-personas\\\/#primaryimage\"},\"thumbnailUrl\":\"https:\\\/\\\/rscj-jpic.org\\\/wp-content\\\/uploads\\\/2021\\\/09\\\/cover-eng_cs-webinar-series.png\",\"datePublished\":\"2021-09-11T02:42:00+00:00\",\"dateModified\":\"2026-01-13T11:37:51+00:00\",\"breadcrumb\":{\"@id\":\"https:\\\/\\\/rscj-jpic.org\\\/es\\\/el-desafio-de-la-migracion-de-las-personas\\\/#breadcrumb\"},\"inLanguage\":\"es\",\"potentialAction\":[{\"@type\":\"ReadAction\",\"target\":[\"https:\\\/\\\/rscj-jpic.org\\\/es\\\/el-desafio-de-la-migracion-de-las-personas\\\/\"]}]},{\"@type\":\"ImageObject\",\"inLanguage\":\"es\",\"@id\":\"https:\\\/\\\/rscj-jpic.org\\\/es\\\/el-desafio-de-la-migracion-de-las-personas\\\/#primaryimage\",\"url\":\"https:\\\/\\\/rscj-jpic.org\\\/wp-content\\\/uploads\\\/2021\\\/09\\\/cover-eng_cs-webinar-series.png\",\"contentUrl\":\"https:\\\/\\\/rscj-jpic.org\\\/wp-content\\\/uploads\\\/2021\\\/09\\\/cover-eng_cs-webinar-series.png\",\"width\":1640,\"height\":924},{\"@type\":\"BreadcrumbList\",\"@id\":\"https:\\\/\\\/rscj-jpic.org\\\/es\\\/el-desafio-de-la-migracion-de-las-personas\\\/#breadcrumb\",\"itemListElement\":[{\"@type\":\"ListItem\",\"position\":1,\"name\":\"Home\",\"item\":\"https:\\\/\\\/rscj-jpic.org\\\/\"},{\"@type\":\"ListItem\",\"position\":2,\"name\":\"El desaf\u00edo de la migraci\u00f3n de las personas\"}]},{\"@type\":\"WebSite\",\"@id\":\"https:\\\/\\\/rscj-jpic.org\\\/es\\\/#website\",\"url\":\"https:\\\/\\\/rscj-jpic.org\\\/es\\\/\",\"name\":\"JPIC Learning Hub\",\"description\":\"\",\"publisher\":{\"@id\":\"https:\\\/\\\/rscj-jpic.org\\\/es\\\/#organization\"},\"potentialAction\":[{\"@type\":\"SearchAction\",\"target\":{\"@type\":\"EntryPoint\",\"urlTemplate\":\"https:\\\/\\\/rscj-jpic.org\\\/es\\\/?s={search_term_string}\"},\"query-input\":{\"@type\":\"PropertyValueSpecification\",\"valueRequired\":true,\"valueName\":\"search_term_string\"}}],\"inLanguage\":\"es\"},{\"@type\":\"Organization\",\"@id\":\"https:\\\/\\\/rscj-jpic.org\\\/es\\\/#organization\",\"name\":\"JPIC\",\"url\":\"https:\\\/\\\/rscj-jpic.org\\\/es\\\/\",\"logo\":{\"@type\":\"ImageObject\",\"inLanguage\":\"es\",\"@id\":\"https:\\\/\\\/rscj-jpic.org\\\/es\\\/#\\\/schema\\\/logo\\\/image\\\/\",\"url\":\"https:\\\/\\\/rscj-jpic.org\\\/wp-content\\\/uploads\\\/2025\\\/10\\\/rscj-jpic-logo-recolorise.png\",\"contentUrl\":\"https:\\\/\\\/rscj-jpic.org\\\/wp-content\\\/uploads\\\/2025\\\/10\\\/rscj-jpic-logo-recolorise.png\",\"width\":125,\"height\":170,\"caption\":\"JPIC\"},\"image\":{\"@id\":\"https:\\\/\\\/rscj-jpic.org\\\/es\\\/#\\\/schema\\\/logo\\\/image\\\/\"},\"sameAs\":[\"https:\\\/\\\/www.facebook.com\\\/rscjpicinternational\\\/\"]},{\"@type\":\"Person\",\"@id\":\"https:\\\/\\\/rscj-jpic.org\\\/es\\\/#\\\/schema\\\/person\\\/9b0e8dff1b77a0c1169c8916fede4d37\",\"name\":\"adminjpiclh\",\"image\":{\"@type\":\"ImageObject\",\"inLanguage\":\"es\",\"@id\":\"https:\\\/\\\/secure.gravatar.com\\\/avatar\\\/f774dec0de79f1f23532bbf1b7d1a2bd753e4621dca994555c7a05abf8da829a?s=96&d=mm&r=g\",\"url\":\"https:\\\/\\\/secure.gravatar.com\\\/avatar\\\/f774dec0de79f1f23532bbf1b7d1a2bd753e4621dca994555c7a05abf8da829a?s=96&d=mm&r=g\",\"contentUrl\":\"https:\\\/\\\/secure.gravatar.com\\\/avatar\\\/f774dec0de79f1f23532bbf1b7d1a2bd753e4621dca994555c7a05abf8da829a?s=96&d=mm&r=g\",\"caption\":\"adminjpiclh\"},\"sameAs\":[\"https:\\\/\\\/rscj-jpic.org\"],\"url\":\"https:\\\/\\\/rscj-jpic.org\\\/es\\\/author\\\/adminjpiclh\\\/\"}]}<\/script>\n<!-- \/ Yoast SEO plugin. -->","yoast_head_json":{"title":"El desaf\u00edo de la migraci\u00f3n de las personas - JPIC Learning Hub","robots":{"index":"index","follow":"follow","max-snippet":"max-snippet:-1","max-image-preview":"max-image-preview:large","max-video-preview":"max-video-preview:-1"},"canonical":"https:\/\/rscj-jpic.org\/es\/el-desafio-de-la-migracion-de-las-personas\/","og_locale":"es_ES","og_type":"article","og_title":"El desaf\u00edo de la migraci\u00f3n de las personas - JPIC Learning Hub","og_description":"El Desaf\u00edo de la Migraci\u00f3n de las Personas crea una [...]","og_url":"https:\/\/rscj-jpic.org\/es\/el-desafio-de-la-migracion-de-las-personas\/","og_site_name":"JPIC Learning Hub","article_publisher":"https:\/\/www.facebook.com\/rscjpicinternational\/","article_published_time":"2021-09-11T02:42:00+00:00","article_modified_time":"2026-01-13T11:37:51+00:00","og_image":[{"width":1640,"height":924,"url":"https:\/\/rscj-jpic.org\/wp-content\/uploads\/2021\/09\/cover-eng_cs-webinar-series.png","type":"image\/png"}],"author":"adminjpiclh","twitter_card":"summary_large_image","twitter_misc":{"Escrito por":"adminjpiclh","Tiempo de lectura":"1 minuto"},"schema":{"@context":"https:\/\/schema.org","@graph":[{"@type":"Article","@id":"https:\/\/rscj-jpic.org\/es\/el-desafio-de-la-migracion-de-las-personas\/#article","isPartOf":{"@id":"https:\/\/rscj-jpic.org\/es\/el-desafio-de-la-migracion-de-las-personas\/"},"author":{"name":"adminjpiclh","@id":"https:\/\/rscj-jpic.org\/es\/#\/schema\/person\/9b0e8dff1b77a0c1169c8916fede4d37"},"headline":"El desaf\u00edo de la migraci\u00f3n de las personas","datePublished":"2021-09-11T02:42:00+00:00","dateModified":"2026-01-13T11:37:51+00:00","mainEntityOfPage":{"@id":"https:\/\/rscj-jpic.org\/es\/el-desafio-de-la-migracion-de-las-personas\/"},"wordCount":176,"publisher":{"@id":"https:\/\/rscj-jpic.org\/es\/#organization"},"image":{"@id":"https:\/\/rscj-jpic.org\/es\/el-desafio-de-la-migracion-de-las-personas\/#primaryimage"},"thumbnailUrl":"https:\/\/rscj-jpic.org\/wp-content\/uploads\/2021\/09\/cover-eng_cs-webinar-series.png","inLanguage":"es"},{"@type":"WebPage","@id":"https:\/\/rscj-jpic.org\/es\/el-desafio-de-la-migracion-de-las-personas\/","url":"https:\/\/rscj-jpic.org\/es\/el-desafio-de-la-migracion-de-las-personas\/","name":"El desaf\u00edo de la migraci\u00f3n de las personas - JPIC Learning Hub","isPartOf":{"@id":"https:\/\/rscj-jpic.org\/es\/#website"},"primaryImageOfPage":{"@id":"https:\/\/rscj-jpic.org\/es\/el-desafio-de-la-migracion-de-las-personas\/#primaryimage"},"image":{"@id":"https:\/\/rscj-jpic.org\/es\/el-desafio-de-la-migracion-de-las-personas\/#primaryimage"},"thumbnailUrl":"https:\/\/rscj-jpic.org\/wp-content\/uploads\/2021\/09\/cover-eng_cs-webinar-series.png","datePublished":"2021-09-11T02:42:00+00:00","dateModified":"2026-01-13T11:37:51+00:00","breadcrumb":{"@id":"https:\/\/rscj-jpic.org\/es\/el-desafio-de-la-migracion-de-las-personas\/#breadcrumb"},"inLanguage":"es","potentialAction":[{"@type":"ReadAction","target":["https:\/\/rscj-jpic.org\/es\/el-desafio-de-la-migracion-de-las-personas\/"]}]},{"@type":"ImageObject","inLanguage":"es","@id":"https:\/\/rscj-jpic.org\/es\/el-desafio-de-la-migracion-de-las-personas\/#primaryimage","url":"https:\/\/rscj-jpic.org\/wp-content\/uploads\/2021\/09\/cover-eng_cs-webinar-series.png","contentUrl":"https:\/\/rscj-jpic.org\/wp-content\/uploads\/2021\/09\/cover-eng_cs-webinar-series.png","width":1640,"height":924},{"@type":"BreadcrumbList","@id":"https:\/\/rscj-jpic.org\/es\/el-desafio-de-la-migracion-de-las-personas\/#breadcrumb","itemListElement":[{"@type":"ListItem","position":1,"name":"Home","item":"https:\/\/rscj-jpic.org\/"},{"@type":"ListItem","position":2,"name":"El desaf\u00edo de la migraci\u00f3n de las personas"}]},{"@type":"WebSite","@id":"https:\/\/rscj-jpic.org\/es\/#website","url":"https:\/\/rscj-jpic.org\/es\/","name":"JPIC Learning Hub","description":"","publisher":{"@id":"https:\/\/rscj-jpic.org\/es\/#organization"},"potentialAction":[{"@type":"SearchAction","target":{"@type":"EntryPoint","urlTemplate":"https:\/\/rscj-jpic.org\/es\/?s={search_term_string}"},"query-input":{"@type":"PropertyValueSpecification","valueRequired":true,"valueName":"search_term_string"}}],"inLanguage":"es"},{"@type":"Organization","@id":"https:\/\/rscj-jpic.org\/es\/#organization","name":"JPIC","url":"https:\/\/rscj-jpic.org\/es\/","logo":{"@type":"ImageObject","inLanguage":"es","@id":"https:\/\/rscj-jpic.org\/es\/#\/schema\/logo\/image\/","url":"https:\/\/rscj-jpic.org\/wp-content\/uploads\/2025\/10\/rscj-jpic-logo-recolorise.png","contentUrl":"https:\/\/rscj-jpic.org\/wp-content\/uploads\/2025\/10\/rscj-jpic-logo-recolorise.png","width":125,"height":170,"caption":"JPIC"},"image":{"@id":"https:\/\/rscj-jpic.org\/es\/#\/schema\/logo\/image\/"},"sameAs":["https:\/\/www.facebook.com\/rscjpicinternational\/"]},{"@type":"Person","@id":"https:\/\/rscj-jpic.org\/es\/#\/schema\/person\/9b0e8dff1b77a0c1169c8916fede4d37","name":"adminjpiclh","image":{"@type":"ImageObject","inLanguage":"es","@id":"https:\/\/secure.gravatar.com\/avatar\/f774dec0de79f1f23532bbf1b7d1a2bd753e4621dca994555c7a05abf8da829a?s=96&d=mm&r=g","url":"https:\/\/secure.gravatar.com\/avatar\/f774dec0de79f1f23532bbf1b7d1a2bd753e4621dca994555c7a05abf8da829a?s=96&d=mm&r=g","contentUrl":"https:\/\/secure.gravatar.com\/avatar\/f774dec0de79f1f23532bbf1b7d1a2bd753e4621dca994555c7a05abf8da829a?s=96&d=mm&r=g","caption":"adminjpiclh"},"sameAs":["https:\/\/rscj-jpic.org"],"url":"https:\/\/rscj-jpic.org\/es\/author\/adminjpiclh\/"}]}},"_links":{"self":[{"href":"https:\/\/rscj-jpic.org\/es\/wp-json\/wp\/v2\/posts\/3029","targetHints":{"allow":["GET"]}}],"collection":[{"href":"https:\/\/rscj-jpic.org\/es\/wp-json\/wp\/v2\/posts"}],"about":[{"href":"https:\/\/rscj-jpic.org\/es\/wp-json\/wp\/v2\/types\/post"}],"author":[{"embeddable":true,"href":"https:\/\/rscj-jpic.org\/es\/wp-json\/wp\/v2\/users\/1"}],"replies":[{"embeddable":true,"href":"https:\/\/rscj-jpic.org\/es\/wp-json\/wp\/v2\/comments?post=3029"}],"version-history":[{"count":1,"href":"https:\/\/rscj-jpic.org\/es\/wp-json\/wp\/v2\/posts\/3029\/revisions"}],"predecessor-version":[{"id":3964,"href":"https:\/\/rscj-jpic.org\/es\/wp-json\/wp\/v2\/posts\/3029\/revisions\/3964"}],"wp:featuredmedia":[{"embeddable":true,"href":"https:\/\/rscj-jpic.org\/es\/wp-json\/wp\/v2\/media\/3021"}],"wp:attachment":[{"href":"https:\/\/rscj-jpic.org\/es\/wp-json\/wp\/v2\/media?parent=3029"}],"wp:term":[{"taxonomy":"category","embeddable":true,"href":"https:\/\/rscj-jpic.org\/es\/wp-json\/wp\/v2\/categories?post=3029"},{"taxonomy":"post_tag","embeddable":true,"href":"https:\/\/rscj-jpic.org\/es\/wp-json\/wp\/v2\/tags?post=3029"},{"taxonomy":"imperative","embeddable":true,"href":"https:\/\/rscj-jpic.org\/es\/wp-json\/wp\/v2\/imperative?post=3029"}],"curies":[{"name":"wp","href":"https:\/\/api.w.org\/{rel}","templated":true}]}}